{"id":63750,"date":"2016-08-16T12:54:01","date_gmt":"2016-08-16T15:54:01","guid":{"rendered":"http:\/\/prensa.mendoza.gov.ar\/?p=63750"},"modified":"2016-08-16T12:54:01","modified_gmt":"2016-08-16T15:54:01","slug":"ambiente-se-reunio-una-mesa-tecnica-para-tratar-la-lucha-contra-incendios","status":"publish","type":"post","link":"https:\/\/www.mendoza.gov.ar\/prensa\/ambiente-se-reunio-una-mesa-tecnica-para-tratar-la-lucha-contra-incendios\/","title":{"rendered":"Ambiente: se reuni\u00f3 una mesa t\u00e9cnica para tratar la lucha contra incendios"},"content":{"rendered":"<!DOCTYPE html PUBLIC \"-\/\/W3C\/\/DTD HTML 4.0 Transitional\/\/EN\" \"http:\/\/www.w3.org\/TR\/REC-html40\/loose.dtd\">\n<html><body><p>Todos los organismos provinciales vinculados al Plan Provincial de Manejo del Fuego y siete municipios presentaron su Programa de Prevenci&oacute;n de Incendios Forestales.<\/p>\n<p>Es el resultado de un trabajo de coordinaci&oacute;n conjunta para implementar una campa&ntilde;a de concientizaci&oacute;n y difusi&oacute;n sobre el tema que involucra a la poblaci&oacute;n en general y al sector educativo en particular.<\/p>\n<p>&ldquo;Buscamos generar una fuerte conciencia en la poblaci&oacute;n respecto de&nbsp;sus comportamientos individuales, como el apagado de brasas, colillas de cigarrillos o quema de pastizales. As&iacute; tambi&eacute;n, otra bater&iacute;a de acciones preventivas espec&iacute;ficas para el medio rural. Sobre todo, atendiendo al inicio de la temporada de mayor recurrencia de viento Zonda&rdquo;, explic&oacute; la directora de Recursos Naturales Renovables, Mabel Chambouleyron.<\/p>\n<p>En la presentaci&oacute;n se hizo hincapi&eacute; en la difusi&oacute;n especial que este a&ntilde;o se efectuar&aacute;, luego de un ciclo clim&aacute;tico muy h&uacute;medo que hizo crecer la masa de vegetaci&oacute;n nativa. Adem&aacute;s, se expusieron las acciones particularmente destinadas a las escuelas primarias y secundarias.<\/p>\n<p>Asistieron a la reuni&oacute;n el intendente de La Paz y funcionarios de los departamentos de General&nbsp;Alvear, San Rafael, Tupungato, Tunuy&aacute;n, Luj&aacute;n y Las Heras. Por parte del Gobierno provincial, la directora de Recursos Naturales de la Secretar&iacute;a de Ambiente, Mabel Chambouleyron; el director de Defensa Civil, Oscar Pizarro; el coordinador del Plan Provincial de Manejo del Fuego,&nbsp;oficial Guillermo Ferraris, adem&aacute;s de representantes de Vialidad Provincial, Hidr&aacute;ulica, el Departamento General de Irrigaci&oacute;n, el Instituto de Desarrollo Rural, el Ej&eacute;rcito y la Polic&iacute;a Rural.<\/p>\n<p>Finalmente, los organismos presentes acordaron un pr&oacute;ximo encuentro &ndash;destinado a las pr&aacute;cticas operativas de manejo del fuego&ndash; el viernes 26, en General&nbsp;Alvear, en el marco de las Jornadas sobre Incendio<em>s<\/em> que el Municipio tiene previsto iniciar ese d&iacute;a, a las 9.30.<\/p>\n<\/body><\/html>\n","protected":false},"excerpt":{"rendered":"El objetivo de la secretar\u00eda es lanzar en los pr\u00f3ximos d\u00edas una campa\u00f1a masiva que concientice a la sociedad sobre la importancia de prevenir estos actos peligrosos que perjudican a la poblaci\u00f3n.","protected":false},"author":3,"featured_media":63755,"comment_status":"open","ping_status":"open","sticky":false,"template":"","format":"standard","meta":[],"categories":[3],"tags":[],"_links":{"self":[{"href":"https:\/\/www.mendoza.gov.ar\/prensa\/wp-json\/wp\/v2\/posts\/63750"}],"collection":[{"href":"https:\/\/www.mendoza.gov.ar\/prensa\/wp-json\/wp\/v2\/posts"}],"about":[{"href":"https:\/\/www.mendoza.gov.ar\/prensa\/wp-json\/wp\/v2\/types\/post"}],"author":[{"embeddable":true,"href":"https:\/\/www.mendoza.gov.ar\/prensa\/wp-json\/wp\/v2\/users\/3"}],"replies":[{"embeddable":true,"href":"https:\/\/www.mendoza.gov.ar\/prensa\/wp-json\/wp\/v2\/comments?post=63750"}],"version-history":[{"count":0,"href":"https:\/\/www.mendoza.gov.ar\/prensa\/wp-json\/wp\/v2\/posts\/63750\/revisions"}],"wp:featuredmedia":[{"embeddable":true,"href":"https:\/\/www.mendoza.gov.ar\/prensa\/wp-json\/wp\/v2\/media\/63755"}],"wp:attachment":[{"href":"https:\/\/www.mendoza.gov.ar\/prensa\/wp-json\/wp\/v2\/media?parent=63750"}],"wp:term":[{"taxonomy":"category","embeddable":true,"href":"https:\/\/www.mendoza.gov.ar\/prensa\/wp-json\/wp\/v2\/categories?post=63750"},{"taxonomy":"post_tag","embeddable":true,"href":"https:\/\/www.mendoza.gov.ar\/prensa\/wp-json\/wp\/v2\/tags?post=63750"}],"curies":[{"name":"wp","href":"https:\/\/api.w.org\/{rel}","templated":true}]}}