{"id":63773,"date":"2016-08-16T15:29:39","date_gmt":"2016-08-16T18:29:39","guid":{"rendered":"http:\/\/prensa.mendoza.gov.ar\/?p=63773"},"modified":"2016-08-16T15:29:39","modified_gmt":"2016-08-16T18:29:39","slug":"mendoza-conmemora-el-166o-aniversario-del-fallecimiento-del-general-don-jose-de-san-martin","status":"publish","type":"post","link":"https:\/\/www.mendoza.gov.ar\/prensa\/mendoza-conmemora-el-166o-aniversario-del-fallecimiento-del-general-don-jose-de-san-martin\/","title":{"rendered":"Mendoza conmemora el 166\u00ba aniversario del fallecimiento del general Don Jos\u00e9 de San Mart\u00edn"},"content":{"rendered":"<!DOCTYPE html PUBLIC \"-\/\/W3C\/\/DTD HTML 4.0 Transitional\/\/EN\" \"http:\/\/www.w3.org\/TR\/REC-html40\/loose.dtd\">\n<html><body><p>Este 17 de agosto se cumplen 166 a&ntilde;os del fallecimiento del general Don Jos&eacute; de San Mart&iacute;n y Mendoza lo recordar&aacute; en distintos actos oficiales.<\/p>\n<p>Para comenzar, el Gobernador Alfredo Cornejo, acompa&ntilde;ado por el Presidente Mauricio Macri, participar&aacute; del acto oficial nacional en el Cerro de la Gloria, ubicado en el Parque General San Mart&iacute;n de la Ciudad de Mendoza. Luego las autoridades se trasladar&aacute;n a&nbsp;Luj&aacute;n de Cuyo, donde realizar&aacute;n anuncios de obras para la Comuna lujanina.<\/p>\n<p>Pasado el mediod&iacute;a, el Gobernador llegar&aacute; hasta&nbsp;la plaza Mercedes Tomasa San Mart&iacute;n de&nbsp;Balcarce, en Los Barriales, departamento de Jun&iacute;n, donde presenciar&aacute; el&nbsp;acto oficial provincial. Desde las 15 se realizar&aacute; un minuto de silencio, ya que fue a esa hora que el <em>Padre de la Patria<\/em> falleci&oacute;, en 1850, en Boulogne Sur Mer, Francia.<\/p>\n<p><strong>Cronograma de actividades<\/strong><\/p>\n<p>9.30: El Gobernador Alfredo Cornejo, acompa&ntilde;ado por el Presidente Mauricio Macri, participar&aacute; del acto oficial nacional por el 166&ordm; aniversario del fallecimiento del general San Mart&iacute;n. Ser&aacute; en el Cerro de la Gloria, Parque General San Mart&iacute;n, Ciudad de Mendoza.<\/p>\n<p>10.30: El Gobernador Alfredo Cornejo participar&aacute; en el anuncio de obras que el Presidente Mauricio Macri realizar&aacute; en Perdriel, Luj&aacute;n de Cuyo. Ser&aacute; en la intersecci&oacute;n de las calles Vasconcelos y Rafael Obligado, Perdriel, Luj&aacute;n de Cuyo.<\/p>\n<p>14.30: El Gobernador Alfredo Cornejo participar&aacute; del acto oficial provincial por el 166&ordm; aniversario del fallecimiento del general San Mart&iacute;n. Ser&aacute; en la plaza Mercedes Tomasa San Mart&iacute;n de Balcarce, Los Barriales, Jun&iacute;n.<\/p>\n<p>&nbsp;<\/p>\n<\/body><\/html>\n","protected":false},"excerpt":{"rendered":"Los actos se realizar\u00e1n en el Cerro de la Gloria, en Luj\u00e1n y en Jun\u00edn.","protected":false},"author":3,"featured_media":0,"comment_status":"open","ping_status":"open","sticky":false,"template":"","format":"standard","meta":[],"categories":[19],"tags":[],"_links":{"self":[{"href":"https:\/\/www.mendoza.gov.ar\/prensa\/wp-json\/wp\/v2\/posts\/63773"}],"collection":[{"href":"https:\/\/www.mendoza.gov.ar\/prensa\/wp-json\/wp\/v2\/posts"}],"about":[{"href":"https:\/\/www.mendoza.gov.ar\/prensa\/wp-json\/wp\/v2\/types\/post"}],"author":[{"embeddable":true,"href":"https:\/\/www.mendoza.gov.ar\/prensa\/wp-json\/wp\/v2\/users\/3"}],"replies":[{"embeddable":true,"href":"https:\/\/www.mendoza.gov.ar\/prensa\/wp-json\/wp\/v2\/comments?post=63773"}],"version-history":[{"count":0,"href":"https:\/\/www.mendoza.gov.ar\/prensa\/wp-json\/wp\/v2\/posts\/63773\/revisions"}],"wp:attachment":[{"href":"https:\/\/www.mendoza.gov.ar\/prensa\/wp-json\/wp\/v2\/media?parent=63773"}],"wp:term":[{"taxonomy":"category","embeddable":true,"href":"https:\/\/www.mendoza.gov.ar\/prensa\/wp-json\/wp\/v2\/categories?post=63773"},{"taxonomy":"post_tag","embeddable":true,"href":"https:\/\/www.mendoza.gov.ar\/prensa\/wp-json\/wp\/v2\/tags?post=63773"}],"curies":[{"name":"wp","href":"https:\/\/api.w.org\/{rel}","templated":true}]}}