{"id":63914,"date":"2016-08-17T12:48:09","date_gmt":"2016-08-17T15:48:09","guid":{"rendered":"http:\/\/prensa.mendoza.gov.ar\/?p=63914"},"modified":"2016-08-17T12:48:09","modified_gmt":"2016-08-17T15:48:09","slug":"ambiente-conmemora-la-semana-del-arbol-en-una-jornada-educativa-para-todo-el-publico","status":"publish","type":"post","link":"https:\/\/www.mendoza.gov.ar\/prensa\/ambiente-conmemora-la-semana-del-arbol-en-una-jornada-educativa-para-todo-el-publico\/","title":{"rendered":"Ambiente conmemora la Semana del \u00c1rbol con una jornada educativa para todo p\u00fablico"},"content":{"rendered":"<!DOCTYPE html PUBLIC \"-\/\/W3C\/\/DTD HTML 4.0 Transitional\/\/EN\" \"http:\/\/www.w3.org\/TR\/REC-html40\/loose.dtd\">\n<html><body><p>Este jueves 18, a las 9, la Secretar&iacute;a de Ambiente y Ordenamiento Territorial (SAyOT), a trav&eacute;s de la Direcci&oacute;n de Recursos Naturales Renovables (DRNR), brindar&aacute;&nbsp;una jornada de charlas educativas en conmemoraci&oacute;n del D&iacute;a Provincial del &Aacute;rbol. Ser&aacute; en el Museo de la Educaci&oacute;n,&nbsp;en&nbsp;Av. San Mart&iacute;n 22 de la Ciudad de Mendoza.<\/p>\n<p>El programa est&aacute; compuesto por charlas educativas sobre el&nbsp;cuidado y la importancia del arbolado en la provincia. Se entregar&aacute;n bombas de semillas a los asistentes,&nbsp;bajo el concepto &ldquo;Adopta un &aacute;rbol de manera responsable&rdquo;.<\/p>\n<p><strong>Programa de actividades<\/strong><\/p>\n<p>9 &nbsp;&nbsp;<strong>Acreditaciones<\/strong><\/p>\n<p>9.30 &nbsp;&nbsp;<strong>Apertura a cargo de autoridades<\/strong>&nbsp;(SAyOT-DRNR).<\/p>\n<p><strong>Acciones de&nbsp;forestaci&oacute;n&nbsp;<\/strong>(Departamento de&nbsp;Forestaci&oacute;n).<\/p>\n<p><strong>El &aacute;rbol en la historia de Mendoza&nbsp;<\/strong>(Norma Acordinaro).<\/p>\n<p><strong>Programa de adopci&oacute;n de &aacute;rboles<\/strong>&nbsp;(Ing. Mabel Chambouleyron)<\/p>\n<p><strong>Pausa, con mate&nbsp;<\/strong><\/p>\n<p>11 &nbsp;&nbsp;<strong>Plan Integral de Forestaci&oacute;n<\/strong>&nbsp;(CCT-SAyOT-DRNR).<\/p>\n<p><strong>El &aacute;rbol en nuestro Bosque Nativo<\/strong>&nbsp;(Programa de Bosque Nativo).<\/p>\n<p><strong>Flora Nativa y Forestaci&oacute;n<\/strong>&nbsp;(Departamento de&nbsp;Flora Nativa).<\/p>\n<p><strong>Estrategias para poner en valor al &aacute;rbol<\/strong>&nbsp;(Departamento de&nbsp;Educaci&oacute;n ambiental).<\/p>\n<p><strong>Cierre de la jornada a cargo de autoridades<\/strong>&nbsp;(SAyOT-DRNR).<\/p>\n<p><strong>&nbsp;<\/strong><\/p>\n<p><strong>&nbsp;<\/strong><\/p>\n<\/body><\/html>\n","protected":false},"excerpt":{"rendered":"Es organizada por la Direcci\u00f3n de Recursos Naturales Renovables y la participar\u00e1n colegios, funcionarios provinciales y guardaparques. Busca concientizar a los ciudadanos y hacerlos part\u00edcipes del cuidado de los \u00e1rboles y el ambiente.","protected":false},"author":3,"featured_media":63916,"comment_status":"open","ping_status":"open","sticky":false,"template":"","format":"standard","meta":[],"categories":[3],"tags":[],"_links":{"self":[{"href":"https:\/\/www.mendoza.gov.ar\/prensa\/wp-json\/wp\/v2\/posts\/63914"}],"collection":[{"href":"https:\/\/www.mendoza.gov.ar\/prensa\/wp-json\/wp\/v2\/posts"}],"about":[{"href":"https:\/\/www.mendoza.gov.ar\/prensa\/wp-json\/wp\/v2\/types\/post"}],"author":[{"embeddable":true,"href":"https:\/\/www.mendoza.gov.ar\/prensa\/wp-json\/wp\/v2\/users\/3"}],"replies":[{"embeddable":true,"href":"https:\/\/www.mendoza.gov.ar\/prensa\/wp-json\/wp\/v2\/comments?post=63914"}],"version-history":[{"count":0,"href":"https:\/\/www.mendoza.gov.ar\/prensa\/wp-json\/wp\/v2\/posts\/63914\/revisions"}],"wp:featuredmedia":[{"embeddable":true,"href":"https:\/\/www.mendoza.gov.ar\/prensa\/wp-json\/wp\/v2\/media\/63916"}],"wp:attachment":[{"href":"https:\/\/www.mendoza.gov.ar\/prensa\/wp-json\/wp\/v2\/media?parent=63914"}],"wp:term":[{"taxonomy":"category","embeddable":true,"href":"https:\/\/www.mendoza.gov.ar\/prensa\/wp-json\/wp\/v2\/categories?post=63914"},{"taxonomy":"post_tag","embeddable":true,"href":"https:\/\/www.mendoza.gov.ar\/prensa\/wp-json\/wp\/v2\/tags?post=63914"}],"curies":[{"name":"wp","href":"https:\/\/api.w.org\/{rel}","templated":true}]}}