{"id":63931,"date":"2016-08-17T15:58:32","date_gmt":"2016-08-17T18:58:32","guid":{"rendered":"http:\/\/prensa.mendoza.gov.ar\/?p=63931"},"modified":"2016-08-17T15:58:32","modified_gmt":"2016-08-17T18:58:32","slug":"molero-obtuvo-el-apoyo-de-entidades-productivas-para-dirigir-el-iscamen","status":"publish","type":"post","link":"https:\/\/www.mendoza.gov.ar\/prensa\/molero-obtuvo-el-apoyo-de-entidades-productivas-para-dirigir-el-iscamen\/","title":{"rendered":"Molero obtuvo el apoyo de entidades productivas para dirigir el Iscamen"},"content":{"rendered":"<!DOCTYPE html PUBLIC \"-\/\/W3C\/\/DTD HTML 4.0 Transitional\/\/EN\" \"http:\/\/www.w3.org\/TR\/REC-html40\/loose.dtd\">\n<html><body><p>La Comisi&oacute;n de Asuntos Constitucionales, que preside el senador Marcelo Rubio, realiz&oacute; la audiencia p&uacute;blica para la designaci&oacute;n de Alejandro Molero al frente del Instituto de Sanidad y Calidad Agropecuaria de Mendoza (Iscamen). El encuentro se desarroll&oacute; en la Sala Ricardo Rojas de la Legislatura. Participaron los senadores Juan Agulles, Olga Bianchinelli, Patricia Fadel, Ana Sevilla, Miguel Bondino, Jorge Tevez, Armando Camerucci, Claudia Najul, Juan Carlos Jaliff y Adri&aacute;n Reche, quienes brindaron el qu&oacute;rum reglamentario para iniciar&nbsp;la audiencia.<\/p>\n<p>Primeramente se leyeron las adhesiones de entidades del sector productivo. Mario Leiva, por la Sociedad Rural del Valle de Uco, manifest&oacute; su preocupaci&oacute;n por la situaci&oacute;n fitosanitaria de la provincia y sostuvo que &ldquo;la elecci&oacute;n de Molero para el cargo de presidente de Iscamen&nbsp;es la m&aacute;s adecuada&rdquo;. En el mismo sentido, expres&oacute;: &ldquo;Vamos a apoyar esta gesti&oacute;n firmemente&rdquo;.<\/p>\n<p>Por su parte, Molero destac&oacute; el orgullo que le genera la posibilidad de conducir la instituci&oacute;n encargada de proteger el patrimonio fitosanitario provincial. &ldquo;Se trata de un gran desaf&iacute;o, porque he sido convocado a conformar un equipo que recupere el buen nombre del Iscamen&nbsp;tanto a nivel nacional como internacional&rdquo;.<\/p>\n<p>El senador&nbsp;sostuvo que entre sus prioridades est&aacute; recuperar los estatus sanitarios de la provincia. &ldquo;Pondremos todo el esfuerzo en levantar la suspensi&oacute;n de los estatus sanitario lo m&aacute;s r&aacute;pidamente&rdquo;, dijo.<\/p>\n<p>En t&eacute;rminos personales,&nbsp;Molero manifest&oacute; que la posibilidad de dirigir el Iscamen&nbsp;no es algo ajeno, ya que toda su vida ha estado vinculado al sector productivo: &ldquo;Mi familia, mis amigos, mis afectos, todos est&aacute;n de una u otra forma involucrados con la producci&oacute;n&rdquo;.<\/p>\n<p>Para finalizar, agradeci&oacute; a los senadores y senadoras presentes por el apoyo y las adhesiones brindadas por &nbsp;las entidades del sector productivo y a los equipos t&eacute;cnicos y personal de la instituci&oacute;n.<\/p>\n<p>Hay que recordar que el Iscamen&nbsp;es un ente aut&aacute;rquico cuya autoridad m&aacute;xima es el presidente, designado por el Poder Ejecutivo, con acuerdo del Senado de la provincia. Dura cuatro a&ntilde;os en su cargo y entre sus principales funciones est&aacute; conducir el instituto de acuerdo con&nbsp;la finalidad, objetivo y contenidos establecidos en la Ley 6333 de Sanidad Vegetal.<\/p>\n<\/body><\/html>\n","protected":false},"excerpt":{"rendered":"En la Sala Ricardo Rojas de la Legislatura, se desarroll\u00f3 la audiencia p\u00fablica para la designaci\u00f3n de Alejandro Molero como presidente del Instituto de Sanidad y Calidad Agropecuaria de Mendoza.","protected":false},"author":3,"featured_media":63932,"comment_status":"open","ping_status":"open","sticky":false,"template":"","format":"standard","meta":[],"categories":[1],"tags":[],"_links":{"self":[{"href":"https:\/\/www.mendoza.gov.ar\/prensa\/wp-json\/wp\/v2\/posts\/63931"}],"collection":[{"href":"https:\/\/www.mendoza.gov.ar\/prensa\/wp-json\/wp\/v2\/posts"}],"about":[{"href":"https:\/\/www.mendoza.gov.ar\/prensa\/wp-json\/wp\/v2\/types\/post"}],"author":[{"embeddable":true,"href":"https:\/\/www.mendoza.gov.ar\/prensa\/wp-json\/wp\/v2\/users\/3"}],"replies":[{"embeddable":true,"href":"https:\/\/www.mendoza.gov.ar\/prensa\/wp-json\/wp\/v2\/comments?post=63931"}],"version-history":[{"count":0,"href":"https:\/\/www.mendoza.gov.ar\/prensa\/wp-json\/wp\/v2\/posts\/63931\/revisions"}],"wp:featuredmedia":[{"embeddable":true,"href":"https:\/\/www.mendoza.gov.ar\/prensa\/wp-json\/wp\/v2\/media\/63932"}],"wp:attachment":[{"href":"https:\/\/www.mendoza.gov.ar\/prensa\/wp-json\/wp\/v2\/media?parent=63931"}],"wp:term":[{"taxonomy":"category","embeddable":true,"href":"https:\/\/www.mendoza.gov.ar\/prensa\/wp-json\/wp\/v2\/categories?post=63931"},{"taxonomy":"post_tag","embeddable":true,"href":"https:\/\/www.mendoza.gov.ar\/prensa\/wp-json\/wp\/v2\/tags?post=63931"}],"curies":[{"name":"wp","href":"https:\/\/api.w.org\/{rel}","templated":true}]}}