{"id":63947,"date":"2016-08-17T18:57:03","date_gmt":"2016-08-17T21:57:03","guid":{"rendered":"http:\/\/prensa.mendoza.gov.ar\/?p=63947"},"modified":"2016-08-17T18:57:03","modified_gmt":"2016-08-17T21:57:03","slug":"vamos-en-la-direccion-correcta","status":"publish","type":"post","link":"https:\/\/www.mendoza.gov.ar\/prensa\/vamos-en-la-direccion-correcta\/","title":{"rendered":"Cornejo: \u201cVamos en la direcci\u00f3n correcta\u201d"},"content":{"rendered":"<!DOCTYPE html PUBLIC \"-\/\/W3C\/\/DTD HTML 4.0 Transitional\/\/EN\" \"http:\/\/www.w3.org\/TR\/REC-html40\/loose.dtd\">\n<html><body><p>Durante las primeras horas de la tarde de este mi&eacute;rcoles 17 de agosto, se realiz&oacute; en Jun&iacute;n el acto por el 166&ordm; aniversario del fallecimiento del general San Mart&iacute;n. El Gobernador Alfredo Cornejo particip&oacute; junto a la vicegobernadora Laura Montero y al intendente del departamento, Mario Abed.<\/p>\n<p>Tambi&eacute;n estuvo presente parte del gabinete provincial: Gabriela Testa (Turismo), Dalmiro Garay (Gobierno), Sergio Marinelli (Servicios P&uacute;blicos), Diego Gareca (Cultura).<\/p>\n<p>La actividad se desarroll&oacute; en la plaza Mercedes Tomasa San Mart&iacute;n de Balcarce, en Los Barriales. Cornejo detall&oacute; la raz&oacute;n por la que se realiz&oacute; el acto en esa localidad: &ldquo;Tenemos 29 lugares probados donde San Mart&iacute;n desarroll&oacute; su tarea, donde se encari&ntilde;&oacute; con los lugares, y uno de esos lugares era este, Barriales, era un lugar que le daba placer&rdquo;.<\/p>\n<p>El acto comenz&oacute; con un desfile de diferentes agrupaciones y luego, a las 15, se realiz&oacute; un minuto de silencio en homenaje al horario de la muerte de San Mart&iacute;n, en Francia en 1850.<\/p>\n<p>Un ramo de flores fue la ofrenda que entregaron Alfredo Cornejo, junto a Laura Montero y Mario Abed, en el monumento a San Mart&iacute;n ubicado en el lugar. Tambi&eacute;n se realiz&oacute; un homenaje con un mural pintado por el&nbsp;artista Israel P&eacute;rez Hugas.<\/p>\n<p>El director general de Escuelas, Jaime Correas, dirigi&oacute; unas palabras a los alumnos presentes y les tom&oacute; juramento.<\/p>\n<p>Cornejo destac&oacute; las principales cualidades de San Mart&iacute;n, y luego trajo sus valores a la actualidad: &ldquo;Cruzar la cordillera y organizar ese ej&eacute;rcito fue lo que hizo no s&oacute;lo en su faz militar sino tambi&eacute;n en su faz personal en nuestra tierra. Privilegi&oacute; el orden y tuvo valores. Austero, gran administrador, decente, honesto, estratega, y fundamentalmente abnegado, y ten&iacute;a grandes objetivos, como unir a los argentinos, al pueblo, y muri&oacute; en la desuni&oacute;n del pa&iacute;s. Tenemos que tomar sus valores y ponerlos en pr&aacute;ctica&rdquo;.<\/p>\n<p>&ldquo;En materia de gesti&oacute;n, Mendoza ha tenido un desorden que se encubri&oacute; en discursos demag&oacute;gicos, fundamentalmente con mensajes populistas de que la plata alcanzaba para todo. Se estaban trabajando mal los recursos en materia de seguridad. No ten&iacute;amos buena prevenci&oacute;n del delito, se compraba el combustible m&aacute;s caro de lo que se requer&iacute;a, se compraban m&oacute;viles m&aacute;s caros de lo que val&iacute;an en el mercado. As&iacute; no funciona, porque es plata de todos los que pagan impuestos, ni m&iacute;a ni del intendente. Entonces los que administramos tenemos que ser cuidadosos&rdquo;, agreg&oacute; el mandatario.<\/p>\n<p>Con respecto a la gesti&oacute;n educativa, resalt&oacute;: &ldquo;En Educaci&oacute;n se da una paradoja: en Argentina invertimos cada vez m&aacute;s en educaci&oacute;n. De&nbsp;lo que producimos en el pa&iacute;s, el 6% lo invertimos en esta &aacute;rea. Vamos en la direcci&oacute;n correcta. Vamos a hacer un sistema de evaluaci&oacute;n, no para castigar a nadie, sino justamente para corregir las cosas que estemos haciendo mal, y que el sistema vaya en la direcci&oacute;n correcta. Vamos a acompa&ntilde;ar y estimular al docente. Tenemos padres que han agredido a nuestros docentes, estamos siguiendo de cerca esos casos. Es algo que nunca hab&iacute;a sucedido, nunca se hab&iacute;a acompa&ntilde;ado al docente de cerca. Mejorar el sistema de educaci&oacute;n nos va a ayudar a brindar mejores servicios desde el Estado&rdquo;.<\/p>\n<p>Entre los principales anuncios del Gobernador, se destacan obras en el departamento del Este: &ldquo;Vamos a pavimentar unos 10 kil&oacute;metros de calles, una de las principales arterias de Jun&iacute;n, que facilita la comunicaci&oacute;n con San Mart&iacute;n. Vamos a vincular escuelas, centros de salud y circuitos de colectivos en una longitud de 60 kil&oacute;metros este a&ntilde;o, y para el 2017 vamos a superar esa cifra. Vamos a repavimentar la ruta 60, en unos seis kil&oacute;metros. Entre 2016 y 2017 vamos a invertir $50 millones en distintas obras, de los cuales el 65% ser&aacute;n provistos por Vialidad Provincial y el resto lo pondr&aacute; el Municipio&rdquo;.<\/p>\n<p>Y asever&oacute;: &ldquo;Hemos hecho algo hist&oacute;rico:&nbsp;no se detienen m&aacute;s personas adultas en la Comisar&iacute;a del Menor. Llegamos a un acuerdo que sigue normas internacionales y las personas que son detenidas a partir de ahora van a la Penitenciar&iacute;a&rdquo;.<\/p>\n<p>Por su parte, el intendente Mario Abed anunci&oacute; la construcci&oacute;n de 48 viviendas en Barriales financiadas por el IPV, prontas a licitar: &ldquo;Ser&aacute;n 87 viviendas en el&nbsp;Raj&uacute; Hist&oacute;rico, 15 viviendas del Centro de Empleados de Comercio que dentro de no m&aacute;s de 30 d&iacute;as estar&aacute;n licitadas y que deb&iacute;an estar terminadas en 2012. Estos seis meses han sido muy duros, pero sabemos que con esa austeridad hoy estamos logrando 93 viviendas iniciadas en 2012 sin presupuesto a trav&eacute;s de un programa federal de techo digno, y&nbsp;100 ampliaciones de vivienda de mejor vivir. Tenemos 200 soluciones habitacionales, de las cuales 100 &nbsp;se construyeron por administraci&oacute;n&nbsp;con el prototipo del plano municipal&rdquo;.<\/p>\n<p>&ldquo;Me quiero comprometer con Mendoza, con Jun&iacute;n, con Barriales, a que no vamos a aflojar, que es la frase que m&aacute;s escucho cuando recorro las calles&rdquo;, finaliz&oacute; el Gobernador.<\/p>\n<\/body><\/html>\n","protected":false},"excerpt":{"rendered":"As\u00ed lo afirm\u00f3 el Gobernador en Jun\u00edn, durante el acto provincial por el 166\u00ba aniversario del fallecimiento del general San Mart\u00edn.","protected":false},"author":3,"featured_media":63948,"comment_status":"open","ping_status":"open","sticky":false,"template":"","format":"standard","meta":[],"categories":[19],"tags":[],"_links":{"self":[{"href":"https:\/\/www.mendoza.gov.ar\/prensa\/wp-json\/wp\/v2\/posts\/63947"}],"collection":[{"href":"https:\/\/www.mendoza.gov.ar\/prensa\/wp-json\/wp\/v2\/posts"}],"about":[{"href":"https:\/\/www.mendoza.gov.ar\/prensa\/wp-json\/wp\/v2\/types\/post"}],"author":[{"embeddable":true,"href":"https:\/\/www.mendoza.gov.ar\/prensa\/wp-json\/wp\/v2\/users\/3"}],"replies":[{"embeddable":true,"href":"https:\/\/www.mendoza.gov.ar\/prensa\/wp-json\/wp\/v2\/comments?post=63947"}],"version-history":[{"count":0,"href":"https:\/\/www.mendoza.gov.ar\/prensa\/wp-json\/wp\/v2\/posts\/63947\/revisions"}],"wp:featuredmedia":[{"embeddable":true,"href":"https:\/\/www.mendoza.gov.ar\/prensa\/wp-json\/wp\/v2\/media\/63948"}],"wp:attachment":[{"href":"https:\/\/www.mendoza.gov.ar\/prensa\/wp-json\/wp\/v2\/media?parent=63947"}],"wp:term":[{"taxonomy":"category","embeddable":true,"href":"https:\/\/www.mendoza.gov.ar\/prensa\/wp-json\/wp\/v2\/categories?post=63947"},{"taxonomy":"post_tag","embeddable":true,"href":"https:\/\/www.mendoza.gov.ar\/prensa\/wp-json\/wp\/v2\/tags?post=63947"}],"curies":[{"name":"wp","href":"https:\/\/api.w.org\/{rel}","templated":true}]}}