{"id":64051,"date":"2016-08-18T13:41:48","date_gmt":"2016-08-18T16:41:48","guid":{"rendered":"http:\/\/prensa.mendoza.gov.ar\/?p=64051"},"modified":"2016-08-18T13:41:48","modified_gmt":"2016-08-18T16:41:48","slug":"ambiente-firmo-un-convenio-para-remodelar-el-parque-aborigen","status":"publish","type":"post","link":"https:\/\/www.mendoza.gov.ar\/prensa\/ambiente-firmo-un-convenio-para-remodelar-el-parque-aborigen\/","title":{"rendered":"Ambiente firm\u00f3 un convenio para remodelar el Parque Aborigen"},"content":{"rendered":"<!DOCTYPE html PUBLIC \"-\/\/W3C\/\/DTD HTML 4.0 Transitional\/\/EN\" \"http:\/\/www.w3.org\/TR\/REC-html40\/loose.dtd\">\n<html><body><p>El secretario de Ambiente y Ordenamiento Territorial, Humberto Mingorance, junto al administrador de Parques y Zool&oacute;gicos, Ricardo Mariottise, se reunieron con el presidente de la Fundaci&oacute;n Bolsa de Comercio Mendoza con el fin de firmar un convenio de colaboraci&oacute;n para el mantenimiento del Parque Aborigen, ubicado en la zona noroeste del Parque General San Mart&iacute;n.<\/p>\n<p>Las tareas incluyen la puesta en valor de los &iacute;conos hist&oacute;rico-culturales del predio, como el monumento a los pueblos originarios conocido como &ldquo;Saludo al Sol&rdquo;. Este monumento de bronce data de 1938 y ha sido v&iacute;ctima de actos vand&aacute;licos a lo largo de su historia. La reparaci&oacute;n del sistema de iluminaci&oacute;n&nbsp;del predio y la refacci&oacute;n de los paseos internos tambi&eacute;n est&aacute;n contempladas en el documento de cooperaci&oacute;n.<\/p>\n<p>Todas las tareas se realizar&aacute;n siguiendo las pautas t&eacute;cnicas generales que utiliza la administraci&oacute;n para el mantenimiento de espacios verdes p&uacute;blicos del Parque General San Mart&iacute;n.<\/p>\n<p>La Fundaci&oacute;n Bolsa de Comercio pondr&aacute; a disposici&oacute;n de la administraci&oacute;n sus facultades administrativas y de intermediaci&oacute;n para poner en contacto al directorio del parque con los&nbsp;interesados en colaborar con la refacci&oacute;n del predio.<\/p>\n<p>En el convenio se analiz&oacute; la posibilidad de realizar tareas en conjunto para programar actividades&nbsp;culturales, deportivas y art&iacute;sticas en otras zonas del Parque General San Mart&iacute;n.<\/p>\n<p>La fundaci&oacute;n ya realiza tareas de reconocimiento de campo y planificaci&oacute;n, junto con la Administraci&oacute;n de Parques y Zool&oacute;gicos, para dise&ntilde;ar un plan de acci&oacute;n con el objetivo de utilizar los recursos econ&oacute;micos y humanos de la manera m&aacute;s eficiente y de esa forma finalizar los trabajos en el menor tiempo posible.<\/p>\n<\/body><\/html>\n","protected":false},"excerpt":{"rendered":"Fue a trav\u00e9s de la Administraci\u00f3n de Parques y Zool\u00f3gico junto con la Fundaci\u00f3n de la Bolsa de Comercio de Mendoza. Contempla las tareas de conservaci\u00f3n, mantenimiento, refacci\u00f3n y limpieza del predio ubicado en el Parque General San Mart\u00edn.","protected":false},"author":3,"featured_media":64052,"comment_status":"open","ping_status":"open","sticky":false,"template":"","format":"standard","meta":[],"categories":[3],"tags":[],"_links":{"self":[{"href":"https:\/\/www.mendoza.gov.ar\/prensa\/wp-json\/wp\/v2\/posts\/64051"}],"collection":[{"href":"https:\/\/www.mendoza.gov.ar\/prensa\/wp-json\/wp\/v2\/posts"}],"about":[{"href":"https:\/\/www.mendoza.gov.ar\/prensa\/wp-json\/wp\/v2\/types\/post"}],"author":[{"embeddable":true,"href":"https:\/\/www.mendoza.gov.ar\/prensa\/wp-json\/wp\/v2\/users\/3"}],"replies":[{"embeddable":true,"href":"https:\/\/www.mendoza.gov.ar\/prensa\/wp-json\/wp\/v2\/comments?post=64051"}],"version-history":[{"count":0,"href":"https:\/\/www.mendoza.gov.ar\/prensa\/wp-json\/wp\/v2\/posts\/64051\/revisions"}],"wp:featuredmedia":[{"embeddable":true,"href":"https:\/\/www.mendoza.gov.ar\/prensa\/wp-json\/wp\/v2\/media\/64052"}],"wp:attachment":[{"href":"https:\/\/www.mendoza.gov.ar\/prensa\/wp-json\/wp\/v2\/media?parent=64051"}],"wp:term":[{"taxonomy":"category","embeddable":true,"href":"https:\/\/www.mendoza.gov.ar\/prensa\/wp-json\/wp\/v2\/categories?post=64051"},{"taxonomy":"post_tag","embeddable":true,"href":"https:\/\/www.mendoza.gov.ar\/prensa\/wp-json\/wp\/v2\/tags?post=64051"}],"curies":[{"name":"wp","href":"https:\/\/api.w.org\/{rel}","templated":true}]}}