{"id":64073,"date":"2016-08-18T17:08:52","date_gmt":"2016-08-18T20:08:52","guid":{"rendered":"http:\/\/prensa.mendoza.gov.ar\/?p=64073"},"modified":"2016-08-18T17:08:52","modified_gmt":"2016-08-18T20:08:52","slug":"ambiente-celebro-la-semana-del-arbol-con-una-jornada-de-concientizacion-educativa","status":"publish","type":"post","link":"https:\/\/www.mendoza.gov.ar\/prensa\/ambiente-celebro-la-semana-del-arbol-con-una-jornada-de-concientizacion-educativa\/","title":{"rendered":"Ambiente celebr\u00f3 la Semana del \u00c1rbol con una jornada de concientizaci\u00f3n educativa"},"content":{"rendered":"<!DOCTYPE html PUBLIC \"-\/\/W3C\/\/DTD HTML 4.0 Transitional\/\/EN\" \"http:\/\/www.w3.org\/TR\/REC-html40\/loose.dtd\">\n<html><body><p>Con la participaci&oacute;n de colegios y asambleas ambientales, la Direcci&oacute;n de Recursos Naturales celebr&oacute; la Semana del &Aacute;rbol en el Museo de la Educaci&oacute;n.<\/p>\n<p>Bajo el eslogan &ldquo;Adopt&aacute; un amigo&rdquo;, personal de la direcci&oacute;n entreg&oacute; a instituciones y particulares m&aacute;s de sesenta bolsas con semillas de &aacute;rboles.<\/p>\n<p>El acto fue encabezado por el secretario de Ambiente y&nbsp; Ordenamiento Territorial, Humberto Mingorance, y la directora de Recursos Naturales, Mabel Chambouleyron. Los funcionarios abrieron las jornadas educativas sobre la responsabilidad ciudadana que conlleva cuidar el arbolado en general.<\/p>\n<p>Entre las actividades que se desarrollaron, se destacan las charlas educativas sobre el&nbsp;cuidado y la importancia del arbolado en la provincia y la entrega de semillas.<\/p>\n<p>En&nbsp;el encuentro participaron el colegio Ernesto Sabato, el senador provincial Ernesto Mancinelli, la agrupaci&oacute;n Ecol&oacute;gicos Unidos y la Asamblea por el &Aacute;rbol.<strong>&nbsp;<\/strong><\/p>\n<p><strong>Actividades<\/strong><\/p>\n<p>Acciones de&nbsp;forestaci&oacute;n&nbsp;(Departamento de&nbsp;Forestaci&oacute;n).<\/p>\n<p>El &aacute;rbol en la historia de Mendoza<strong>&nbsp;<\/strong>(Norma Acordinaro).<\/p>\n<p>Programa de adopci&oacute;n de &aacute;rboles&nbsp;(Ing. Mabel Chambouleyron).<\/p>\n<p>Plan Integral de Forestaci&oacute;n&nbsp;(CCT-SAyOT-DRNR).<\/p>\n<p>El &aacute;rbol en nuestro Bosque Nativo&nbsp;(Programa de Bosque Nativo).<\/p>\n<p>Flora Nativa y Forestaci&oacute;n&nbsp;(Departamento de&nbsp;Flora Nativa).<\/p>\n<p>Estrategias para poner en valor al &aacute;rbol&nbsp;(Departamento de&nbsp;Educaci&oacute;n ambiental).<\/p>\n<\/body><\/html>\n","protected":false},"excerpt":{"rendered":"Fue en el Museo de la Educaci\u00f3n y participaron escuelas y organizaciones ambientales. ","protected":false},"author":3,"featured_media":64074,"comment_status":"open","ping_status":"open","sticky":false,"template":"","format":"standard","meta":[],"categories":[3],"tags":[],"_links":{"self":[{"href":"https:\/\/www.mendoza.gov.ar\/prensa\/wp-json\/wp\/v2\/posts\/64073"}],"collection":[{"href":"https:\/\/www.mendoza.gov.ar\/prensa\/wp-json\/wp\/v2\/posts"}],"about":[{"href":"https:\/\/www.mendoza.gov.ar\/prensa\/wp-json\/wp\/v2\/types\/post"}],"author":[{"embeddable":true,"href":"https:\/\/www.mendoza.gov.ar\/prensa\/wp-json\/wp\/v2\/users\/3"}],"replies":[{"embeddable":true,"href":"https:\/\/www.mendoza.gov.ar\/prensa\/wp-json\/wp\/v2\/comments?post=64073"}],"version-history":[{"count":0,"href":"https:\/\/www.mendoza.gov.ar\/prensa\/wp-json\/wp\/v2\/posts\/64073\/revisions"}],"wp:featuredmedia":[{"embeddable":true,"href":"https:\/\/www.mendoza.gov.ar\/prensa\/wp-json\/wp\/v2\/media\/64074"}],"wp:attachment":[{"href":"https:\/\/www.mendoza.gov.ar\/prensa\/wp-json\/wp\/v2\/media?parent=64073"}],"wp:term":[{"taxonomy":"category","embeddable":true,"href":"https:\/\/www.mendoza.gov.ar\/prensa\/wp-json\/wp\/v2\/categories?post=64073"},{"taxonomy":"post_tag","embeddable":true,"href":"https:\/\/www.mendoza.gov.ar\/prensa\/wp-json\/wp\/v2\/tags?post=64073"}],"curies":[{"name":"wp","href":"https:\/\/api.w.org\/{rel}","templated":true}]}}