{"id":64093,"date":"2016-08-20T17:58:45","date_gmt":"2016-08-20T20:58:45","guid":{"rendered":"http:\/\/prensa.mendoza.gov.ar\/?p=64093"},"modified":"2016-08-20T17:58:45","modified_gmt":"2016-08-20T20:58:45","slug":"los-ninos-de-atencion-temprana-festejaron-su-dia","status":"publish","type":"post","link":"https:\/\/www.mendoza.gov.ar\/prensa\/los-ninos-de-atencion-temprana-festejaron-su-dia\/","title":{"rendered":"Los ni\u00f1os de Atenci\u00f3n Temprana de OSEP festejaron su d\u00eda"},"content":{"rendered":"<!DOCTYPE html PUBLIC \"-\/\/W3C\/\/DTD HTML 4.0 Transitional\/\/EN\" \"http:\/\/www.w3.org\/TR\/REC-html40\/loose.dtd\">\n<html><body><div style=\"text-align: left\" align=\"CENTER\">La Direcci&oacute;n de Atenci&oacute;n Primaria de OSEP, a trav&eacute;s del&nbsp;programa de Atenci&oacute;n Temprana, festej&oacute; anticipadamente el D&iacute;a del Ni&ntilde;o junto a los ni&ntilde;os asistidos en el programa. Fue en el SUM I del edificio Xeltahuina, Salta 877 de Ciudad.<\/div>\n<div style=\"text-align: left\" align=\"CENTER\"><\/div>\n<div style=\"text-align: left\" align=\"CENTER\">En&nbsp;el programa Atenci&oacute;n Temprana participan alrededor de 150 ni&ntilde;os, que reciben estimulaci&oacute;n y atenci&oacute;n profesional para completar su desarrollo temprano.<\/div>\n<div style=\"text-align: left\" align=\"CENTER\"><\/div>\n<div style=\"text-align: left\" align=\"CENTER\">Alejandra Capone, coordinadora, se mostr&oacute; muy satisfecha por la participaci&oacute;n de muchos peque&ntilde;os que asistieron acompa&ntilde;ados por su familia. Los chicos pudieron disfrutar de n&uacute;meros art&iacute;sticos, con la presencia de varios personajes como &ldquo;Las Princesas&rdquo;, &ldquo;el Hombre Ara&ntilde;a&rdquo; y &ldquo;Peppa, la cerdita&rdquo;. Tambi&eacute;n hubo m&uacute;sica, juegos, regalos y muchas cosas ricas, en una jornada m&aacute;s que alegre.<\/div>\n<div align=\"JUSTIFY\"><\/div>\n<div align=\"JUSTIFY\"><strong>Atenci&oacute;n temprana<\/strong><\/div>\n<div align=\"JUSTIFY\"><\/div>\n<div align=\"JUSTIFY\">El programa atiende&nbsp;a&nbsp;ni&ntilde;os reci&eacute;n nacidos hasta los 4 a&ntilde;os, con problemas motrices, psicol&oacute;gicos o de alteraci&oacute;n en su crecimiento. &ldquo;Es muy importante que los pap&aacute;s sepan que cuentan con este servicio por parte de la obra social&rdquo;, explic&oacute; Capone.<\/div>\n<div align=\"JUSTIFY\"><\/div>\n<div align=\"JUSTIFY\">Finalmente, la funcionaria afirm&oacute;:&nbsp;&ldquo;Esta&nbsp;&aacute;rea de OSEP invita a las familias que tengan beb&eacute;s con alguna necesidad de atenci&oacute;n, en alg&uacute;n &aacute;rea espec&iacute;fica de su desarrollo, a concurrir a Atenci&oacute;n Primaria.<\/div>\n<div align=\"JUSTIFY\"><\/div>\n<div align=\"JUSTIFY\">Por m&aacute;s&nbsp;informaci&oacute;n, concurrir al edificio Xeltahuina, Salta 877, Ciudad, primer piso, Ciudad de Mendoza o consultar al tel&eacute;fono 4419251.<\/div>\n<\/body><\/html>\n","protected":false},"excerpt":{"rendered":"Por el D\u00eda del Ni\u00f1o, Atenci\u00f3n Temprana de la Direcci\u00f3n de Atenci\u00f3n Primaria de OSEP realiz\u00f3 un festejo para los peque\u00f1os asistidos por el programa.","protected":false},"author":3,"featured_media":0,"comment_status":"open","ping_status":"open","sticky":false,"template":"","format":"standard","meta":[],"categories":[30],"tags":[],"_links":{"self":[{"href":"https:\/\/www.mendoza.gov.ar\/prensa\/wp-json\/wp\/v2\/posts\/64093"}],"collection":[{"href":"https:\/\/www.mendoza.gov.ar\/prensa\/wp-json\/wp\/v2\/posts"}],"about":[{"href":"https:\/\/www.mendoza.gov.ar\/prensa\/wp-json\/wp\/v2\/types\/post"}],"author":[{"embeddable":true,"href":"https:\/\/www.mendoza.gov.ar\/prensa\/wp-json\/wp\/v2\/users\/3"}],"replies":[{"embeddable":true,"href":"https:\/\/www.mendoza.gov.ar\/prensa\/wp-json\/wp\/v2\/comments?post=64093"}],"version-history":[{"count":0,"href":"https:\/\/www.mendoza.gov.ar\/prensa\/wp-json\/wp\/v2\/posts\/64093\/revisions"}],"wp:attachment":[{"href":"https:\/\/www.mendoza.gov.ar\/prensa\/wp-json\/wp\/v2\/media?parent=64093"}],"wp:term":[{"taxonomy":"category","embeddable":true,"href":"https:\/\/www.mendoza.gov.ar\/prensa\/wp-json\/wp\/v2\/categories?post=64093"},{"taxonomy":"post_tag","embeddable":true,"href":"https:\/\/www.mendoza.gov.ar\/prensa\/wp-json\/wp\/v2\/tags?post=64093"}],"curies":[{"name":"wp","href":"https:\/\/api.w.org\/{rel}","templated":true}]}}