{"id":64323,"date":"2016-08-22T14:48:53","date_gmt":"2016-08-22T17:48:53","guid":{"rendered":"http:\/\/prensa.mendoza.gov.ar\/?p=64323"},"modified":"2016-08-22T14:48:53","modified_gmt":"2016-08-22T17:48:53","slug":"ambiente-presento-avances-del-plan-provincial-de-ordenamiento-territorial","status":"publish","type":"post","link":"https:\/\/www.mendoza.gov.ar\/prensa\/ambiente-presento-avances-del-plan-provincial-de-ordenamiento-territorial\/","title":{"rendered":"Ambiente present\u00f3 avances del Plan Provincial de Ordenamiento Territorial"},"content":{"rendered":"<!DOCTYPE html PUBLIC \"-\/\/W3C\/\/DTD HTML 4.0 Transitional\/\/EN\" \"http:\/\/www.w3.org\/TR\/REC-html40\/loose.dtd\">\n<html><body><p>El secretario de Ambiente y Ordenamiento Territorial,&nbsp;Humberto Mingorance, se reuni&oacute; con la vicegobernadora, Laura Montero, y los miembros del Consejo Cient&iacute;fico Asesor que trabaja en el &aacute;mbito del Senado en el dise&ntilde;o de pol&iacute;ticas a largo plazo para el ordenamiento territorial de la provincia.<\/p>\n<p>En 2009 se sancion&oacute; la Ley 8051, que tuvo&nbsp;el aporte de la Universidad Nacional de Cuyo, el Instituto de Cartograf&iacute;a, Investigaci&oacute;n y Formaci&oacute;n para el Ordenamiento Territorial (CIFOT) de esa universidad, y el&nbsp;Conicet, entre otros organismos. Posteriormente, se elabor&oacute; el reglamento y un proyecto de Plan Provincial de Ordenamiento Territorial que contiene siete&nbsp;problemas estructurales y siete objetivos que hoy lleva adelante la Agencia Provincial de Ordenamiento Territorial de la Secretar&iacute;a de Ambiente.<\/p>\n<p>Durante la presentaci&oacute;n, Mingorance explic&oacute; detalles sobre los organismos de aplicaci&oacute;n de la ley e indic&oacute; el avance en los planes municipales de ordenamiento territorial que llevan adelante las&nbsp;comunas.<\/p>\n<p>&ldquo;Tanto la vicegobernadora como el Gobernador Alfredo Cornejo han impulsado este proyecto seriamente y entienden a la nueva pol&iacute;tica como una pol&iacute;tica de hacer gesti&oacute;n. Debemos lograr que, a medida que las ciudades crecen, el Estado brinde soluciones concretas a los ciudadanos. Por ello se crean aquellos nodos que ya est&aacute;n instaladas o se proyectan nuevos para que no se produzca el desarraigo y que la &uacute;nica soluci&oacute;n no sea tener que trasladarse desde las zonas rurales a las urbanas. La agencia de ordenamiento va a tener un rol muy importante en cuanto a la relaci&oacute;n con todos los organismos&rdquo;, dijo el funcionario.<\/p>\n<p>Tambi&eacute;n destac&oacute;: &ldquo;Esta es una propuesta que nos llevar&aacute; a la Mendoza que todos queremos, es por eso que hemos estado trabajando en la modificaci&oacute;n del plan con todos los sectores cient&iacute;ficos y t&eacute;cnicos para consensuar todos los puntos del proyecto&rdquo;.<\/p>\n<\/body><\/html>\n","protected":false},"excerpt":{"rendered":"Fue ante el Consejo Cient\u00edfico Asesor que conforman representantes de entidades acad\u00e9micas y de investigaci\u00f3n para el dise\u00f1o de las pol\u00edticas de ordenamiento. El encuentro fue presidido por la vicegobernadora Laura Montero. ","protected":false},"author":3,"featured_media":64328,"comment_status":"open","ping_status":"open","sticky":false,"template":"","format":"standard","meta":[],"categories":[3],"tags":[],"_links":{"self":[{"href":"https:\/\/www.mendoza.gov.ar\/prensa\/wp-json\/wp\/v2\/posts\/64323"}],"collection":[{"href":"https:\/\/www.mendoza.gov.ar\/prensa\/wp-json\/wp\/v2\/posts"}],"about":[{"href":"https:\/\/www.mendoza.gov.ar\/prensa\/wp-json\/wp\/v2\/types\/post"}],"author":[{"embeddable":true,"href":"https:\/\/www.mendoza.gov.ar\/prensa\/wp-json\/wp\/v2\/users\/3"}],"replies":[{"embeddable":true,"href":"https:\/\/www.mendoza.gov.ar\/prensa\/wp-json\/wp\/v2\/comments?post=64323"}],"version-history":[{"count":0,"href":"https:\/\/www.mendoza.gov.ar\/prensa\/wp-json\/wp\/v2\/posts\/64323\/revisions"}],"wp:featuredmedia":[{"embeddable":true,"href":"https:\/\/www.mendoza.gov.ar\/prensa\/wp-json\/wp\/v2\/media\/64328"}],"wp:attachment":[{"href":"https:\/\/www.mendoza.gov.ar\/prensa\/wp-json\/wp\/v2\/media?parent=64323"}],"wp:term":[{"taxonomy":"category","embeddable":true,"href":"https:\/\/www.mendoza.gov.ar\/prensa\/wp-json\/wp\/v2\/categories?post=64323"},{"taxonomy":"post_tag","embeddable":true,"href":"https:\/\/www.mendoza.gov.ar\/prensa\/wp-json\/wp\/v2\/tags?post=64323"}],"curies":[{"name":"wp","href":"https:\/\/api.w.org\/{rel}","templated":true}]}}