{"id":64324,"date":"2016-08-22T14:52:28","date_gmt":"2016-08-22T17:52:28","guid":{"rendered":"http:\/\/prensa.mendoza.gov.ar\/?p=64324"},"modified":"2016-08-22T14:52:28","modified_gmt":"2016-08-22T17:52:28","slug":"cornejo-estamos-realizando-una-distribucion-mas-equitativa-de-los-recursos","status":"publish","type":"post","link":"https:\/\/www.mendoza.gov.ar\/prensa\/cornejo-estamos-realizando-una-distribucion-mas-equitativa-de-los-recursos\/","title":{"rendered":"Cornejo: \u201cEstamos realizando una distribuci\u00f3n m\u00e1s equitativa de los recursos\u201d"},"content":{"rendered":"<!DOCTYPE html PUBLIC \"-\/\/W3C\/\/DTD HTML 4.0 Transitional\/\/EN\" \"http:\/\/www.w3.org\/TR\/REC-html40\/loose.dtd\">\n<html><body><p>El Gobernador Alfredo Cornejo estuvo presente en el acto de entrega del helic&oacute;ptero AS 350 B3 que se utilizar&aacute; en operativos de seguridad, como controles en rutas, b&uacute;squeda de personas extraviadas o asistencia en&nbsp;incendios forestales y para atender necesidades sanitarias en San Rafael, General Alvear y Malarg&uuml;e. Se trata de un monomotor de 6 plazas (4 pasajeros, 1 piloto y un copiloto), que alcanza una&nbsp;velocidad m&aacute;xima de 280 km\/h. Cuenta con una altura m&aacute;xima de vuelo de 7.000 metros y una duraci&oacute;n&nbsp;de combustible de aproximadamente 4 horas.<\/p>\n<p>La jornada se realiz&oacute; en el Aer&oacute;dromo de San Rafael, donde adem&aacute;s se presentaron los nuevos efectivos policiales que prestar&aacute;n servicios en la comuna, equipamiento adquirido y tres m&oacute;viles inteligentes. Dos de ellos quedar&aacute;n a disposici&oacute;n del departamento y el tercero ser&aacute; para General Alvear.<\/p>\n<p>Participaron en la presentaci&oacute;n el intendente de San Rafael, Emir F&eacute;lix; el intendente de General Alvear, Walther Marcolini;&nbsp;el intendente de Malarg&uuml;e, Jorge Vergara Mart&iacute;nez; el director general de Polic&iacute;as, Roberto Munives; el ministro de Seguridad, Gianni Venier,&nbsp;y el ministro de Salud, Desarrollo Social y Deportes, Rub&eacute;n Giacchi.<\/p>\n<p>&ldquo;Estamos realizando una distribuci&oacute;n m&aacute;s equitativa de los recursos&rdquo;, dijo Cornejo, y explic&oacute;: &ldquo;Hoy Mendoza gasta para mantener sus servicios municipales y provinciales el doble de lo que se gastaba hace 10 a&ntilde;os atr&aacute;s. Sin embargo, nuestros servicios en materia de salud, seguridad, educaci&oacute;n y administraci&oacute;n de justicia no son mejores que los de hace una d&eacute;cada. Esto nos da la pauta de que no estamos administrando bien nuestros recursos y que es necesario optimizar los servicios del Estado&rdquo;.<\/p>\n<p>El Gobernador defini&oacute; de esta manera lo que para su Gobierno significa tener un Estado inteligente. &ldquo;Estamos comprometidos con la ciudadan&iacute;a en administrar mejor nuestros recursos y en ser m&aacute;s eficaces y eficientes en la prestaci&oacute;n de los servicios. Sostenemos que con los mismos recursos, no ajustando, podamos prestar mejores servicios. Para llevarlo a cabo es imprescindible administrar bien los gastos corrientes e ir baj&aacute;ndolos para poder aplicarlos en inversiones. Las inversiones del Estado son las que s&iacute; van a generar externalidades positivas&rdquo;, asegur&oacute; Cornejo.<\/p>\n<p>Detall&oacute; que la llegada de este helic&oacute;ptero, la presentaci&oacute;n de los nuevos polic&iacute;as y del equipamiento, adem&aacute;s de los cambios en los c&oacute;digos Civil y Penal, forman parte de este proceso de &ldquo;administraci&oacute;n eficiente y eficaz que permite una distribuci&oacute;n m&aacute;s equitativa y la optimizaci&oacute;n de los servicios del Estado utilizando los mismos recursos&rdquo;.<\/p>\n<p><strong>Agilizaci&oacute;n de la Justicia<\/strong><\/p>\n<p>&ldquo;Estamos comprometidos en materia de administraci&oacute;n de justicia que requiere del acompa&ntilde;amiento y armon&iacute;a del Poder Judicial, y para ello vamos a modificar el C&oacute;digo Procesal Civil&rdquo;, afirm&oacute; el mandatario, y se&ntilde;al&oacute; que probablemente se encuentre en la Legislatura antes de fin de a&ntilde;o.<\/p>\n<p>Explic&oacute; que las modificaciones que se est&aacute;n realizando en materia de seguridad apuntan a &ldquo;tener una justicia m&aacute;s eficaz en la gesti&oacute;n propiamente dicha de sus recursos. Por ello trabajamos en la modificaci&oacute;n de los C&oacute;digos de Procedimiento Legales. Le hemos hecho varias modificaciones y ma&ntilde;ana martes probablemente el Senado le d&eacute; sanci&oacute;n definitiva a este nuevo c&oacute;digo que acelera y agiliza los procesos de trabajo&rdquo;.<\/p>\n<p>Si bien a&uacute;n no es aplicable en el Sur y en el Valle de Uco, el Gobernador se comprometi&oacute; a que antes de fin de a&ntilde;o est&eacute; ejecut&aacute;ndose en ambas regiones. Aclar&oacute; que &ldquo;uno de los m&eacute;todos del nuevo c&oacute;digo, como la audiencia de la prisi&oacute;n preventiva, ya est&aacute; aplic&aacute;ndose en San Rafael al igual que en el resto de la provincia. De hecho, ya se han hecho algunas audiencias orales aqu&iacute; en San Rafael&rdquo;.<\/p>\n<p><strong>Los nuevos polic&iacute;as<\/strong><\/p>\n<p>Cornejo present&oacute; a los 33 nuevos polic&iacute;as que cumplir&aacute;n funciones en San Rafael. &ldquo;Estar&aacute;n a prueba por un a&ntilde;o y no se les permitir&aacute;n errores, porque autom&aacute;ticamente quedar&aacute;n fuera de la fuerza&rdquo;.<\/p>\n<p>Asever&oacute; que se trabaja en un plan sistem&aacute;tico para dotar a cada polic&iacute;a de un chaleco antibalas. &ldquo;Esto no suced&iacute;a desde hac&iacute;a a&ntilde;os. Nos encontramos con los chalecos vencidos al inicio de nuestra gesti&oacute;n. Muchos polic&iacute;as se incorporaban a la fuerza sin haber hecho sus pr&aacute;cticas de tiro porque no hab&iacute;a municiones y sal&iacute;an a la calle sin tener su chaleco ni saber t&eacute;cnicas de defensa personal&rdquo;.<\/p>\n<p>Explic&oacute; que para ello &ldquo;estamos cambiando los programas de estudio en el ITUS,&nbsp; no puede ser que no tengamos capacitaci&oacute;n para cosas simples y elementales. Cambiamos las leyes para eso. Y esos cambios est&aacute;n dando sus resultados&rdquo;.<\/p>\n<p>Explic&oacute; que entre las nuevas leyes se cre&oacute; la figura del Defensor de Polic&iacute;as, porque &ldquo;muchas veces hemos visto injustamente polic&iacute;as acusados y mal defendidos&rdquo;. Otros de los cambios es el que se est&aacute; dando ante la otorgaci&oacute;n de mayor poder al jefe del Distrito. Coment&oacute; que Alvear fue elegido como sede de una prueba piloto para realizar este cambio hacia el interior de la Polic&iacute;a y que ahora tambi&eacute;n comenzar&aacute; a aplicarse en San Rafael.<\/p>\n<p>&ldquo;Los polic&iacute;as que viven en el departamento podr&aacute;n cumplir sus funciones ac&aacute;. Estamos trasladando a cada polic&iacute;a para que cumpla sus funciones en su departamento de origen&rdquo;, se&ntilde;al&oacute; Cornejo.<\/p>\n<p>El jefe departamental &ldquo;tendr&aacute; las funciones de investigaciones, de cuerpos especiales y dem&aacute;s, para que a &eacute;l le reclamemos eficiencia y eficacia en la prevenci&oacute;n y disuasi&oacute;n del delito y en la represi&oacute;n del delito si hace falta&rdquo;, detall&oacute;.<\/p>\n<p><strong>M&oacute;viles<\/strong><\/p>\n<p>El Gobernador present&oacute; tres nuevos m&oacute;viles inteligentes: dos de ellos quedar&aacute;n a disposici&oacute;n de los sanrafaelinos y el tercero ser&aacute; enviado a General Alvear. &ldquo;Aspiramos que para fin de a&ntilde;o cada departamento cuente con dos m&oacute;viles de estos&rdquo;, dijo el mandatario.<\/p>\n<p>&ldquo;Tienen c&aacute;maras para cuidar el procedimiento de la polic&iacute;a. Cuentan con identificaci&oacute;n de huellas digitales conectada con la base de datos que hacen que no haga falta llevar al sospechoso hasta la comisar&iacute;a, lo que evita p&eacute;rdida de tiempo. Emplea menos recurso humano y menos tiempo. Adem&aacute;s, tienen un identificador de patentes&rdquo;, explic&oacute;.<\/p>\n<\/body><\/html>\n","protected":false},"excerpt":{"rendered":"As\u00ed lo dijo el Gobernador en San Rafael tras presentar el helic\u00f3ptero equipado para atender emergencias sanitarias y realizar patrullajes policiales en el Sur provincial. Adem\u00e1s, present\u00f3 a los nuevos efectivos policiales, el equipamiento adquirido recientemente para la fuerza y nuevos m\u00f3viles.","protected":false},"author":3,"featured_media":64406,"comment_status":"open","ping_status":"open","sticky":false,"template":"","format":"standard","meta":[],"categories":[19],"tags":[],"_links":{"self":[{"href":"https:\/\/www.mendoza.gov.ar\/prensa\/wp-json\/wp\/v2\/posts\/64324"}],"collection":[{"href":"https:\/\/www.mendoza.gov.ar\/prensa\/wp-json\/wp\/v2\/posts"}],"about":[{"href":"https:\/\/www.mendoza.gov.ar\/prensa\/wp-json\/wp\/v2\/types\/post"}],"author":[{"embeddable":true,"href":"https:\/\/www.mendoza.gov.ar\/prensa\/wp-json\/wp\/v2\/users\/3"}],"replies":[{"embeddable":true,"href":"https:\/\/www.mendoza.gov.ar\/prensa\/wp-json\/wp\/v2\/comments?post=64324"}],"version-history":[{"count":0,"href":"https:\/\/www.mendoza.gov.ar\/prensa\/wp-json\/wp\/v2\/posts\/64324\/revisions"}],"wp:featuredmedia":[{"embeddable":true,"href":"https:\/\/www.mendoza.gov.ar\/prensa\/wp-json\/wp\/v2\/media\/64406"}],"wp:attachment":[{"href":"https:\/\/www.mendoza.gov.ar\/prensa\/wp-json\/wp\/v2\/media?parent=64324"}],"wp:term":[{"taxonomy":"category","embeddable":true,"href":"https:\/\/www.mendoza.gov.ar\/prensa\/wp-json\/wp\/v2\/categories?post=64324"},{"taxonomy":"post_tag","embeddable":true,"href":"https:\/\/www.mendoza.gov.ar\/prensa\/wp-json\/wp\/v2\/tags?post=64324"}],"curies":[{"name":"wp","href":"https:\/\/api.w.org\/{rel}","templated":true}]}}