{"id":64336,"date":"2016-08-22T15:46:03","date_gmt":"2016-08-22T18:46:03","guid":{"rendered":"http:\/\/prensa.mendoza.gov.ar\/?p=64336"},"modified":"2016-08-22T15:46:03","modified_gmt":"2016-08-22T18:46:03","slug":"economia-impulsa-el-debate-de-temas-vitivinicolas","status":"publish","type":"post","link":"https:\/\/www.mendoza.gov.ar\/prensa\/economia-impulsa-el-debate-de-temas-vitivinicolas\/","title":{"rendered":"Econom\u00eda impulsa el debate de temas vitivin\u00edcolas"},"content":{"rendered":"<!DOCTYPE html PUBLIC \"-\/\/W3C\/\/DTD HTML 4.0 Transitional\/\/EN\" \"http:\/\/www.w3.org\/TR\/REC-html40\/loose.dtd\">\n<html><body><p>Con el objetivo de aunar criterios y plantearlos a funcionarios del Gobierno nacional en las pr&oacute;ximas semanas, el titular del ministerio de Econom&iacute;a, Infraestructura y Energ&iacute;a, Enrique Vaqui&eacute;, se reuni&oacute; con legisladores y referentes del sector vitivin&iacute;cola para avanzar en una agenda de temas com&uacute;n.<\/p>\n<p>En el encuentro participaron los senadores nacionales Julio Cobos, Pamela Verasay y Anabel Fern&aacute;ndez Sagasti, y los diputados nacionales Luis Petri, Patricia Gim&eacute;nez, Luis Borsani, Graciela Cousinet, Alejandro Abraham, Guillermo Carmona y Rub&eacute;n Miranda. Por las entidades vitivin&iacute;colas participaron representantes de Bodegas de Argentina, Acovi, Asociaci&oacute;n de Vi&ntilde;ateros, Coviar, Fecovita, Uni&oacute;n Vitivin&iacute;cola Argentina, Fondo Vitivin&iacute;cola, Asociaci&oacute;n de Productores en Acci&oacute;n, Sociedad Rural del Valle de Uco y C&aacute;mara de Comercio e Industria de Tupungato.<\/p>\n<p><strong>Ley de impuesto a los espumantes<\/strong><\/p>\n<p>Debido a que el proyecto de ley del ex senador Adolfo Bermejo, que cuenta con media sanci&oacute;n legislativa, ha recibido reparos de Canciller&iacute;a por oposici&oacute;n a la denominaci&oacute;n de origen de la palabra <em>champagne<\/em>, el diputado Luis Borsani coment&oacute; los alcances de un nuevo escrito que propone incluir la reinversi&oacute;n y que recibi&oacute; apoyo de los presentes.<\/p>\n<p>Mientras el diputado Alejando Abraham exhort&oacute; a una &ldquo;unificaci&oacute;n de criterios para definir qu&eacute; camino hay que seguir&rdquo;, sus pares Borsani y Petri apuntaron los pedidos de las entidades que nuclean a productores, quienes coincidieron no s&oacute;lo en que es necesaria la derogaci&oacute;n del 12% del gravamen sino que adem&aacute;s &ldquo;las inversiones deben hacerse en maquinarias y no en implantaci&oacute;n de vi&ntilde;edos&rdquo;, tal como indic&oacute; Eduardo Sancho, presidente de Fecovita.<\/p>\n<p><strong>Combate contra Lobesia botrana<\/strong><\/p>\n<p>El tratamiento presupuestario para que el Senasa comience a combatir la plaga de la polilla de la vid (Lobesia Botrana), que afecta unas 130 mil hect&aacute;reas de Mendoza y 5 mil en San Juan, fue otro de los temas que se abord&oacute;.<\/p>\n<p>Al respecto, la comisi&oacute;n t&eacute;cnica de COVIAR&nbsp;indic&oacute; que con los primeros fondos (60 millones de pesos dispuestos para este a&ntilde;o) se tratar&aacute;n 17.500 hect&aacute;reas. A ello hay que sumarle 8 millones de pesos de Provincia para cubrir unas 3.000 hect&aacute;reas y el aporte de privados que, seg&uacute;n el relevamiento de Bodegas de Argentinas, alcanzar&iacute;a para atender 9.800 hect&aacute;reas.<\/p>\n<p>Dentro de los planes del Gobierno est&aacute; hacer un sistema de compensaci&oacute;n y que por cada tercio de dinero que aporten los privados, los dos tercios restantes salgan de las arcas estatales.<\/p>\n<p>As&iacute;, ya existen dos bloques de productores que har&aacute;n sus aportes: el de Agrelo-Ugarteche y el de Chacras de Coria, conformado por&nbsp;peque&ntilde;os vi&ntilde;edos que sumados cubren m&aacute;s de 500 hect&aacute;reas cada uno.<\/p>\n<p><strong>Tarifa el&eacute;ctrica para riego agr&iacute;cola<\/strong><\/p>\n<p>&ldquo;Estamos intentando que el Gobierno nacional tome el subsidio a los pozos de la misma manera que en Mendoza, hay otros subsidios a la producci&oacute;n&rdquo;, indic&oacute; el ministro Vaqui&eacute; respecto de&nbsp;la incidencia del aumento de tarifas para los regantes.<\/p>\n<p>El inconveniente, seg&uacute;n explic&oacute; el funcionario, es que s&oacute;lo La Rioja y Mendoza tienen un tratamiento diferencial para los pozos de riego. Por eso los legisladores est&aacute;n trabajando en proyectos para mitigar el impacto en la producci&oacute;n.<\/p>\n<p><strong>Edulcoraci&oacute;n con jarabe de ma&iacute;z<\/strong><\/p>\n<p>Julio Cobos, Anabel Fern&aacute;ndez Sagasti y Graciela Cousinet son los tres legisladores que est&aacute;n trabajando en proyectos de ley para eliminar la edulcoraci&oacute;n con jarabe de ma&iacute;z de alta fructuosa y que el debate se d&eacute; en el marco del impacto sobre la salud e incluya campa&ntilde;a educativa de concientizaci&oacute;n.<\/p>\n<p>&ldquo;Existe un alto <em>lobby<\/em> en contra del proyecto de ley, dado que quienes tienen los beneficios actuales pertenecen a un sector que es fuertemente concentrado, expres&oacute; Vaqui&eacute;, y&nbsp;estim&oacute; que &ldquo;adem&aacute;s podr&iacute;a darle una alternativa econ&oacute;mica a la vitivinicultura mendocina.<\/p>\n<p><strong>Jubilaci&oacute;n temprana de obreros de vi&ntilde;a<\/strong><\/p>\n<p>El ministro Vaqui&eacute; record&oacute; un proyecto de ley, promovido por Mariana Juri y &eacute;l mismo cuando era legislador, que obtuvo media sanci&oacute;n en el Congreso pero nunca avanz&oacute; en la C&aacute;mara Alta. De esta forma, los trabajadores de vi&ntilde;as quedaron excluidos de la general. Los legisladores en ejercicio mostraron inter&eacute;s en impulsar aquella iniciativa.<\/p>\n<\/body><\/html>\n","protected":false},"excerpt":{"rendered":"El ministro Enrique Vaqui\u00e9 reuni\u00f3 a entidades vitivin\u00edcolas y legisladores nacionales por Mendoza para discutir impuesto al champ\u00e1n, la jubilaci\u00f3n temprana de los obreros de vi\u00f1a, tarifa diferencial para el riego agr\u00edcola, el plan contra Lobesia  botrana y la ley de edulcoraci\u00f3n con jugos naturales.","protected":false},"author":3,"featured_media":64340,"comment_status":"open","ping_status":"open","sticky":false,"template":"","format":"standard","meta":[],"categories":[1],"tags":[],"_links":{"self":[{"href":"https:\/\/www.mendoza.gov.ar\/prensa\/wp-json\/wp\/v2\/posts\/64336"}],"collection":[{"href":"https:\/\/www.mendoza.gov.ar\/prensa\/wp-json\/wp\/v2\/posts"}],"about":[{"href":"https:\/\/www.mendoza.gov.ar\/prensa\/wp-json\/wp\/v2\/types\/post"}],"author":[{"embeddable":true,"href":"https:\/\/www.mendoza.gov.ar\/prensa\/wp-json\/wp\/v2\/users\/3"}],"replies":[{"embeddable":true,"href":"https:\/\/www.mendoza.gov.ar\/prensa\/wp-json\/wp\/v2\/comments?post=64336"}],"version-history":[{"count":0,"href":"https:\/\/www.mendoza.gov.ar\/prensa\/wp-json\/wp\/v2\/posts\/64336\/revisions"}],"wp:featuredmedia":[{"embeddable":true,"href":"https:\/\/www.mendoza.gov.ar\/prensa\/wp-json\/wp\/v2\/media\/64340"}],"wp:attachment":[{"href":"https:\/\/www.mendoza.gov.ar\/prensa\/wp-json\/wp\/v2\/media?parent=64336"}],"wp:term":[{"taxonomy":"category","embeddable":true,"href":"https:\/\/www.mendoza.gov.ar\/prensa\/wp-json\/wp\/v2\/categories?post=64336"},{"taxonomy":"post_tag","embeddable":true,"href":"https:\/\/www.mendoza.gov.ar\/prensa\/wp-json\/wp\/v2\/tags?post=64336"}],"curies":[{"name":"wp","href":"https:\/\/api.w.org\/{rel}","templated":true}]}}