{"id":64380,"date":"2016-08-23T08:11:34","date_gmt":"2016-08-23T11:11:34","guid":{"rendered":"http:\/\/prensa.mendoza.gov.ar\/?p=64380"},"modified":"2016-08-23T08:11:34","modified_gmt":"2016-08-23T11:11:34","slug":"crecen-las-visitas-educativas-en-la-reserva-natural-bosques-telteca","status":"publish","type":"post","link":"https:\/\/www.mendoza.gov.ar\/prensa\/crecen-las-visitas-educativas-en-la-reserva-natural-bosques-telteca\/","title":{"rendered":"Crecen las visitas educativas a la reserva natural Bosque Telteca"},"content":{"rendered":"<!DOCTYPE html PUBLIC \"-\/\/W3C\/\/DTD HTML 4.0 Transitional\/\/EN\" \"http:\/\/www.w3.org\/TR\/REC-html40\/loose.dtd\">\n<html><body><p>En los &uacute;ltimos cinco&nbsp;a&ntilde;os, se ha producido un paulatino crecimiento de visitantes a la reserva Bosque Telteca. El a&ntilde;o pasado ingresaron 12.700 personas, mientras que en 2011 fueron 7.686. Dentro de ese total, el 73% pertenece a visitas educativas y el resto son particulares. El 53% de los estudiantes pertenecen al ciclo primario, 35% al secundario y 12% restante al nivel terciario\/universitario.<\/p>\n<p>Este alto porcentaje de visitas escolares reafirma el rol de Bosque Telteca como verdadera &ldquo;aula del ambiente&rdquo;. En el lugar, donde docentes y alumnos pueden tomar contacto con los recursos naturales que conforman los ecosistemas de la llanura mendocina, la cultura del lugar y redescubrir nuestros paisajes &aacute;ridos, de singular belleza, como los altos limpios.<\/p>\n<p>En cuanto a la procedencia, casi la totalidad de los visitantes &ndash;98%&ndash; pertenecen a la provincia. S&oacute;lo 1% proviene de otros puntos del pa&iacute;s y el otro 1% son extranjeros. El 70% de los visitantes&nbsp;realizan caminatas&nbsp;guiadas y en cuanto a la temporalidad de la reserva, el uso tur&iacute;stico de Telteca se concentra en el per&iacute;odo abril-octubre, con preponderancia de visitas en temporada primaveral, debido a las extremas temperaturas en verano.<\/p>\n<p>Para m&aacute;s&nbsp;informaci&oacute;n, los interesados pueden contactarse con el Centro de Visitantes de las &Aacute;reas Naturales Protegidas de la Direcci&oacute;n de Recursos Naturales Renovables al tel&eacute;fono 0261 4258751, personalmente en Av. San Mart&iacute;n 1143, primer&nbsp;piso, Ciudad de Mendoza, o a trav&eacute;s del correo electr&oacute;nico informes-anp@mendoza.gov.ar.<\/p>\n<\/body><\/html>\n","protected":false},"excerpt":{"rendered":"Lo sostiene un informe de guardaparques de esa reserva natural y cultural de Lavalle. Esta \u00e1rea protegida depende de la Direcci\u00f3n de Recursos Naturales Renovables (DRNR) de la Secretar\u00eda de Ambiente y Ordenamiento Territorial de la provincia.","protected":false},"author":3,"featured_media":64381,"comment_status":"open","ping_status":"open","sticky":false,"template":"","format":"standard","meta":[],"categories":[3],"tags":[],"_links":{"self":[{"href":"https:\/\/www.mendoza.gov.ar\/prensa\/wp-json\/wp\/v2\/posts\/64380"}],"collection":[{"href":"https:\/\/www.mendoza.gov.ar\/prensa\/wp-json\/wp\/v2\/posts"}],"about":[{"href":"https:\/\/www.mendoza.gov.ar\/prensa\/wp-json\/wp\/v2\/types\/post"}],"author":[{"embeddable":true,"href":"https:\/\/www.mendoza.gov.ar\/prensa\/wp-json\/wp\/v2\/users\/3"}],"replies":[{"embeddable":true,"href":"https:\/\/www.mendoza.gov.ar\/prensa\/wp-json\/wp\/v2\/comments?post=64380"}],"version-history":[{"count":0,"href":"https:\/\/www.mendoza.gov.ar\/prensa\/wp-json\/wp\/v2\/posts\/64380\/revisions"}],"wp:featuredmedia":[{"embeddable":true,"href":"https:\/\/www.mendoza.gov.ar\/prensa\/wp-json\/wp\/v2\/media\/64381"}],"wp:attachment":[{"href":"https:\/\/www.mendoza.gov.ar\/prensa\/wp-json\/wp\/v2\/media?parent=64380"}],"wp:term":[{"taxonomy":"category","embeddable":true,"href":"https:\/\/www.mendoza.gov.ar\/prensa\/wp-json\/wp\/v2\/categories?post=64380"},{"taxonomy":"post_tag","embeddable":true,"href":"https:\/\/www.mendoza.gov.ar\/prensa\/wp-json\/wp\/v2\/tags?post=64380"}],"curies":[{"name":"wp","href":"https:\/\/api.w.org\/{rel}","templated":true}]}}