{"id":64448,"date":"2016-08-23T16:27:28","date_gmt":"2016-08-23T19:27:28","guid":{"rendered":"http:\/\/prensa.mendoza.gov.ar\/?p=64448"},"modified":"2016-08-23T16:27:28","modified_gmt":"2016-08-23T19:27:28","slug":"el-senado-aprobo-el-pliego-de-alejandro-molero-como-presidente-de-iscamen","status":"publish","type":"post","link":"https:\/\/www.mendoza.gov.ar\/prensa\/el-senado-aprobo-el-pliego-de-alejandro-molero-como-presidente-de-iscamen\/","title":{"rendered":"El Senado aprob\u00f3 el pliego de Alejandro Molero como presidente del Iscamen"},"content":{"rendered":"<!DOCTYPE html PUBLIC \"-\/\/W3C\/\/DTD HTML 4.0 Transitional\/\/EN\" \"http:\/\/www.w3.org\/TR\/REC-html40\/loose.dtd\">\n<html><body><p>El secretario legislativo, Diego Seoane, ley&oacute; la resoluci&oacute;n del despacho de la Comisi&oacute;n de Legislaci&oacute;n y Asuntos Constitucionales e inform&oacute; a los senadores que Alejandro Molero no pose&iacute;a impedimento alguno para ocupar el cargo de presidente del Iscamen.<\/p>\n<p>Alejandro Molero, oriundo de General Alvear y con una importante participaci&oacute;n en entidades relacionadas al sector primario de su municipio y, luego, a nivel provincial, se&ntilde;al&oacute;, en la Audiencia P&uacute;blica previa a su aval, el desaf&iacute;o y orgullo que le genera la posibilidad de conducir la instituci&oacute;n encargada&nbsp; de proteger el patrimonio fitosanitario provincial. &ldquo;Se trata de un gran desaf&iacute;o porque he sido convocado a conformar un equipo que recupere el buen nombre del Iscamen, tanto a nivel nacional como internacional&rdquo;, afirm&oacute; el funcionario.<\/p>\n<p>Molero sostuvo que entre sus prioridades est&aacute; recuperar los estatus sanitarios de la provincia: &ldquo;Pondremos todo el esfuerzo en levantar la suspensi&oacute;n de los estatus sanitarios, lo m&aacute;s r&aacute;pidamente&rdquo;, afirm&oacute;.<\/p>\n<p>Como organismo de aplicaci&oacute;n de las leyes nacionales (por convenio) y de las provinciales en todo lo referido a la protecci&oacute;n fitozoosanitaria de la provincia de Mendoza, el Iscamen&nbsp;posee incumbencias en el control y fiscalizaci&oacute;n de semillas, sanidad vegetal, sanidad animal en barreras y uso racional de agroqu&iacute;micos, entre otros temas.<\/p>\n<\/body><\/html>\n","protected":false},"excerpt":{"rendered":"En sesi\u00f3n de acuerdo, la C\u00e1mara de Senadores de Mendoza aval\u00f3 la candidatura de Alejandro Molero como nuevo presidente de Iscamen. El per\u00edodo de su mandato se extiende por los pr\u00f3ximos cuatro a\u00f1os.","protected":false},"author":3,"featured_media":64449,"comment_status":"open","ping_status":"open","sticky":false,"template":"","format":"standard","meta":[],"categories":[1],"tags":[],"_links":{"self":[{"href":"https:\/\/www.mendoza.gov.ar\/prensa\/wp-json\/wp\/v2\/posts\/64448"}],"collection":[{"href":"https:\/\/www.mendoza.gov.ar\/prensa\/wp-json\/wp\/v2\/posts"}],"about":[{"href":"https:\/\/www.mendoza.gov.ar\/prensa\/wp-json\/wp\/v2\/types\/post"}],"author":[{"embeddable":true,"href":"https:\/\/www.mendoza.gov.ar\/prensa\/wp-json\/wp\/v2\/users\/3"}],"replies":[{"embeddable":true,"href":"https:\/\/www.mendoza.gov.ar\/prensa\/wp-json\/wp\/v2\/comments?post=64448"}],"version-history":[{"count":0,"href":"https:\/\/www.mendoza.gov.ar\/prensa\/wp-json\/wp\/v2\/posts\/64448\/revisions"}],"wp:featuredmedia":[{"embeddable":true,"href":"https:\/\/www.mendoza.gov.ar\/prensa\/wp-json\/wp\/v2\/media\/64449"}],"wp:attachment":[{"href":"https:\/\/www.mendoza.gov.ar\/prensa\/wp-json\/wp\/v2\/media?parent=64448"}],"wp:term":[{"taxonomy":"category","embeddable":true,"href":"https:\/\/www.mendoza.gov.ar\/prensa\/wp-json\/wp\/v2\/categories?post=64448"},{"taxonomy":"post_tag","embeddable":true,"href":"https:\/\/www.mendoza.gov.ar\/prensa\/wp-json\/wp\/v2\/tags?post=64448"}],"curies":[{"name":"wp","href":"https:\/\/api.w.org\/{rel}","templated":true}]}}