{"id":64451,"date":"2016-08-23T16:44:20","date_gmt":"2016-08-23T19:44:20","guid":{"rendered":"http:\/\/prensa.mendoza.gov.ar\/?p=64451"},"modified":"2016-08-23T16:44:20","modified_gmt":"2016-08-23T19:44:20","slug":"osep-hara-examen-periodico-medico-preventivo-a-la-totalidad-de-sus-trabajadores","status":"publish","type":"post","link":"https:\/\/www.mendoza.gov.ar\/prensa\/osep-hara-examen-periodico-medico-preventivo-a-la-totalidad-de-sus-trabajadores\/","title":{"rendered":"OSEP har\u00e1 examen peri\u00f3dico m\u00e9dico preventivo a todos sus trabajadores"},"content":{"rendered":"<!DOCTYPE html PUBLIC \"-\/\/W3C\/\/DTD HTML 4.0 Transitional\/\/EN\" \"http:\/\/www.w3.org\/TR\/REC-html40\/loose.dtd\">\n<html><body><p>Dentro de un programa que con el tiempo se extender&aacute; a todos los &aacute;mbitos de la Administraci&oacute;n P&uacute;blica provincial, la Obra Social de Empleados P&uacute;blicos (OSEP) realizar&aacute; por primera vez un examen m&eacute;dico preventivo a todo su personal en servicio para monitorear su estado de salud y detectar y tratar a tiempo riesgos o diversas enfermedades, profesionales o no.<\/p>\n<p>El programa se iniciar&aacute; en agosto y se estima que en tres meses se habr&aacute; cubierto la totalidad de los cerca de 3.000 trabajadores con que cuenta la obra social en todo el territorio provincial, incluyendo administrativos, t&eacute;cnicos, enfermeros y profesionales de la salud.<\/p>\n<p>Se trata espec&iacute;ficamente de &ldquo;Cuidar al cuidador&rdquo;, se&ntilde;alan desde la Direcci&oacute;n de Salud Laboral de la obra social. Tambi&eacute;n remarcan que es fundamental un seguimiento m&eacute;dico peri&oacute;dico de los empleados de cualquier &aacute;rea, pero prioritario en los que se desempe&ntilde;an en &aacute;mbitos sanitarios, porque son ellos los que velan por el bienestar f&iacute;sico, mental y social de la poblaci&oacute;n.<\/p>\n<p><strong>Y por casa&hellip; &iquest;c&oacute;mo andamos?<\/strong><\/p>\n<p>Si bien es obligaci&oacute;n del empleador realizar ex&aacute;menes peri&oacute;dicos a sus colaboradores, la OSEP nunca hab&iacute;a realizado este procedimiento.<\/p>\n<p>La Direcci&oacute;n de Salud Laboral de la obra social inicia el proceso de acompa&ntilde;amiento del recurso humano teniendo en cuenta que &ldquo;una persona bien cuidada es m&aacute;s productiva en su desempe&ntilde;o&rdquo;.<\/p>\n<p><strong>&iquest;C&oacute;mo ser&aacute; el procedimiento?<\/strong><\/p>\n<p>El personal de la OSEP ser&aacute; notificado, a trav&eacute;s de la Subdirecci&oacute;n de Recursos Humanos, los d&iacute;as y horarios en que recibir&aacute;n atenci&oacute;n. Se trata de dos jornadas: una en la que se incluyen an&aacute;lisis bioqu&iacute;micos de rutina, donde el empleado deber&aacute; regresar a su puesto de trabajo despu&eacute;s de la toma de muestras; y otra, en la que se le har&aacute; una rutina donde acceder&aacute; a control de m&eacute;dico cl&iacute;nico, rayos X, examen psicol&oacute;gico y evaluaci&oacute;n fonoaudiol&oacute;gica en aquellos caso que correspondiere, otorg&aacute;ndole su d&iacute;a como laborable.<\/p>\n<\/body><\/html>\n","protected":false},"excerpt":{"rendered":"Es de suma importancia para la salud y el desempe\u00f1o de su recurso humano. Busca el bienestar del trabajador, generando acciones que permitan prevenir enfermedades o atender de forma temprana las ya instaladas.","protected":false},"author":3,"featured_media":0,"comment_status":"open","ping_status":"open","sticky":false,"template":"","format":"standard","meta":[],"categories":[30,32],"tags":[],"_links":{"self":[{"href":"https:\/\/www.mendoza.gov.ar\/prensa\/wp-json\/wp\/v2\/posts\/64451"}],"collection":[{"href":"https:\/\/www.mendoza.gov.ar\/prensa\/wp-json\/wp\/v2\/posts"}],"about":[{"href":"https:\/\/www.mendoza.gov.ar\/prensa\/wp-json\/wp\/v2\/types\/post"}],"author":[{"embeddable":true,"href":"https:\/\/www.mendoza.gov.ar\/prensa\/wp-json\/wp\/v2\/users\/3"}],"replies":[{"embeddable":true,"href":"https:\/\/www.mendoza.gov.ar\/prensa\/wp-json\/wp\/v2\/comments?post=64451"}],"version-history":[{"count":0,"href":"https:\/\/www.mendoza.gov.ar\/prensa\/wp-json\/wp\/v2\/posts\/64451\/revisions"}],"wp:attachment":[{"href":"https:\/\/www.mendoza.gov.ar\/prensa\/wp-json\/wp\/v2\/media?parent=64451"}],"wp:term":[{"taxonomy":"category","embeddable":true,"href":"https:\/\/www.mendoza.gov.ar\/prensa\/wp-json\/wp\/v2\/categories?post=64451"},{"taxonomy":"post_tag","embeddable":true,"href":"https:\/\/www.mendoza.gov.ar\/prensa\/wp-json\/wp\/v2\/tags?post=64451"}],"curies":[{"name":"wp","href":"https:\/\/api.w.org\/{rel}","templated":true}]}}