{"id":64501,"date":"2016-08-24T08:38:49","date_gmt":"2016-08-24T11:38:49","guid":{"rendered":"http:\/\/prensa.mendoza.gov.ar\/?p=64501"},"modified":"2016-08-24T08:38:49","modified_gmt":"2016-08-24T11:38:49","slug":"chicos-de-la-escuela-de-arte-aplicado-visitaron-las-instalaciones-de-osep","status":"publish","type":"post","link":"https:\/\/www.mendoza.gov.ar\/prensa\/chicos-de-la-escuela-de-arte-aplicado-visitaron-las-instalaciones-de-osep\/","title":{"rendered":"Chicos de la Escuela de Arte Aplicado visitaron las instalaciones de OSEP"},"content":{"rendered":"<!DOCTYPE html PUBLIC \"-\/\/W3C\/\/DTD HTML 4.0 Transitional\/\/EN\" \"http:\/\/www.w3.org\/TR\/REC-html40\/loose.dtd\">\n<html><body><div align=\"LEFT\">Los alumnos de la Escuela 7-001 de Arte Aplicado, acompa&ntilde;ados por las fonoaudi&oacute;logas de la instituci&oacute;n educativa, Ana Mar&iacute;a Suzarte y Claudia Marino, visitaron las instalaciones de la Obra Social de Empleados P&uacute;blicos (OSEP), especialmente el &aacute;rea de Discapacidad.La visita forma parte del proyecto &ldquo;Favorecer la comunicaci&oacute;n&rdquo;, cuyo objetivo es estimular la interacci&oacute;n de los chicos con otras personas para que aprendan a desenvolverse en la vida diaria. De esta manera, logran expresar mejor sus necesidades, deseos y pueden informarse.\n<p>La Escuela 7-001 de Arte Aplicado brinda una formaci&oacute;n integral, es un posprimario especial que capacita chicos de 14 a&nbsp;20 a&ntilde;os. Est&aacute; ubicada entre las calles Florencio S&aacute;nchez y Azopardo de Godoy Cruz, en el mismo edificio que la Escuela Helen Keller.<\/p>\n<p>&ldquo;Los alumnos asisten a talleres de mimbrer&iacute;a, gastronom&iacute;a, pedagog&iacute;a, m&uacute;sica, murga, jardiner&iacute;a, teatro, dibujo publicitario, metales, cer&aacute;mica y electricidad. Son muy buenos alumnos y personas respetuosas&rdquo;, manifestaron las fonoaudi&oacute;logas de la escuela.<\/p>\n<\/div>\n<div align=\"LEFT\"><a href=\"https:\/\/www.mendoza.gov.ar\/prensa\/wp-content\/uploads\/sites\/23\/visita-colegio-a-discapacidad-_DSC5283.jpg\"><img loading=\"lazy\" class=\"alignnone  wp-image-64502 img-responsive center-block\" src=\"https:\/\/www.mendoza.gov.ar\/prensa\/wp-content\/uploads\/sites\/23\/visita-colegio-a-discapacidad-_DSC5283.jpg\" alt=\"\" width=\"609\" height=\"406\"><\/a><\/div>\n<div align=\"LEFT\"><\/div>\n<div align=\"LEFT\">Durante la visita a&nbsp;OSEP, conocieron las distintas &aacute;reas de Atenci&oacute;n al Afiliado, especialmente Discapacidad. El objetivo de la actividad es aprender a realizar tr&aacute;mites &uacute;tiles para la&nbsp;vida cotidiana.La licenciada Vanina Blanco, subdirectora de Discapacidad de la Obra Social, se mostr&oacute; muy contenta con la experiencia y manifest&oacute;:&nbsp;&ldquo;Nuestro equipo trabaja para que las personas con discapacidad tengan una mejor calidad de vida y ofrecerles, cada d&iacute;a, mayor accesibilidad a los servicios. En esta visita, los alumnos fueron acompa&ntilde;ados por el personal encargado de las &aacute;reas de Tr&aacute;mites y Tratamientos, que contestaron sus inquietudes y compartieron este agradable encuentro&rdquo;.\n<p>Para finalizar la visita, compartieron un refrigerio e intercambiaron experiencias y hablaron acerca de las tareas que realizan a diario.<\/p>\n<\/div>\n<\/body><\/html>\n","protected":false},"excerpt":{"rendered":"Los alumnos de la Escuela 7-001 de Arte Aplicado, acompa\u00f1ados por las fonoaudi\u00f3logas de la instituci\u00f3n educativa, Ana Mar\u00eda Suzarte y Claudia Marino, visitaron las instalaciones de la obra social, especialmente el \u00e1rea de Discapacidad.","protected":false},"author":3,"featured_media":64505,"comment_status":"open","ping_status":"open","sticky":false,"template":"","format":"standard","meta":[],"categories":[30],"tags":[],"_links":{"self":[{"href":"https:\/\/www.mendoza.gov.ar\/prensa\/wp-json\/wp\/v2\/posts\/64501"}],"collection":[{"href":"https:\/\/www.mendoza.gov.ar\/prensa\/wp-json\/wp\/v2\/posts"}],"about":[{"href":"https:\/\/www.mendoza.gov.ar\/prensa\/wp-json\/wp\/v2\/types\/post"}],"author":[{"embeddable":true,"href":"https:\/\/www.mendoza.gov.ar\/prensa\/wp-json\/wp\/v2\/users\/3"}],"replies":[{"embeddable":true,"href":"https:\/\/www.mendoza.gov.ar\/prensa\/wp-json\/wp\/v2\/comments?post=64501"}],"version-history":[{"count":0,"href":"https:\/\/www.mendoza.gov.ar\/prensa\/wp-json\/wp\/v2\/posts\/64501\/revisions"}],"wp:featuredmedia":[{"embeddable":true,"href":"https:\/\/www.mendoza.gov.ar\/prensa\/wp-json\/wp\/v2\/media\/64505"}],"wp:attachment":[{"href":"https:\/\/www.mendoza.gov.ar\/prensa\/wp-json\/wp\/v2\/media?parent=64501"}],"wp:term":[{"taxonomy":"category","embeddable":true,"href":"https:\/\/www.mendoza.gov.ar\/prensa\/wp-json\/wp\/v2\/categories?post=64501"},{"taxonomy":"post_tag","embeddable":true,"href":"https:\/\/www.mendoza.gov.ar\/prensa\/wp-json\/wp\/v2\/tags?post=64501"}],"curies":[{"name":"wp","href":"https:\/\/api.w.org\/{rel}","templated":true}]}}