{"id":64546,"date":"2016-08-24T13:54:29","date_gmt":"2016-08-24T16:54:29","guid":{"rendered":"http:\/\/prensa.mendoza.gov.ar\/?p=64546"},"modified":"2016-08-24T13:54:29","modified_gmt":"2016-08-24T16:54:29","slug":"el-gobernador-recorrio-obras-de-pavimentacion-en-guaymallen","status":"publish","type":"post","link":"https:\/\/www.mendoza.gov.ar\/prensa\/el-gobernador-recorrio-obras-de-pavimentacion-en-guaymallen\/","title":{"rendered":"El Gobernador recorri\u00f3 obras de pavimentaci\u00f3n en Guaymall\u00e9n"},"content":{"rendered":"<!DOCTYPE html PUBLIC \"-\/\/W3C\/\/DTD HTML 4.0 Transitional\/\/EN\" \"http:\/\/www.w3.org\/TR\/REC-html40\/loose.dtd\">\n<html><body><p>El Gobernador Alfredo Cornejo recorri&oacute; obras de pavimentaci&oacute;n en Guaymall&eacute;n que se est&aacute;n realizando en las calles Godoy Cruz y Pellegrini, Pringles y Soler, Bandera de los Andes y Allayme, y Azcu&eacute;naga. Lo hizo en compa&ntilde;&iacute;a del intendente Marcelino Iglesias, con quien tambi&eacute;n recorri&oacute; otras obras que lleva adelante el Municipio.<\/p>\n<p>&ldquo;Iglesias va en la direcci&oacute;n correcta. Ha bajado la cantidad de personal y ha aumentado su nivel de inversi&oacute;n con recursos propios. No s&eacute; si muchos municipios pueden ofrecer esa ecuaci&oacute;n. Todas estas obras est&aacute;n siendo hechas por el Municipio, con financiamiento exclusivo. Incluso el canal que le corresponde a Irrigaci&oacute;n lo est&aacute; haciendo el Municipio, si no, quedar&iacute;a la obra incompleta. Eso habla muy bien de c&oacute;mo se est&aacute; administrando Guaymall&eacute;n&rdquo;, asever&oacute;&nbsp;Cornejo.<\/p>\n<p><a href=\"https:\/\/www.mendoza.gov.ar\/prensa\/wp-content\/uploads\/sites\/23\/1DSC_7777.jpg\"><img loading=\"lazy\" class=\"alignnone  wp-image-64548 img-responsive center-block\" src=\"https:\/\/www.mendoza.gov.ar\/prensa\/wp-content\/uploads\/sites\/23\/1DSC_7777.jpg\" alt=\"1DSC_7777\" width=\"622\" height=\"432\"><\/a><\/p>\n<p>&ldquo;Yo estoy muy conforme. Marcelino est&aacute; muy compenetrado en la gesti&oacute;n. Est&aacute; concentrado en las cosas sustantivas del Municipio: pavimento, el arbolado, la irrigaci&oacute;n del arbolado, recolecci&oacute;n de la basura, higiene, salubridad. Todas las cosas de competencia exclusiva del Municipio, cosas de las que &eacute;l se est&aacute; ocupando personalmente&rdquo;, afirm&oacute; Cornejo.<\/p>\n<p>Sobre los motivos de su visita, el Gobernador explic&oacute;: &ldquo;El intendente siempre me pide opini&oacute;n del manejo del Municipio, lo conversamos a menudo. Apela a mis antecedentes de intendente y me ha invitado un par de veces, pero no hab&iacute;a podido venir&rdquo;.<\/p>\n<p>En su recorrida, el Gobernador salud&oacute; a jefes de obra, empleados y encargados, con quienes se inform&oacute; de los detalles de la obra.<\/p>\n<p><strong>Invertir bien<\/strong><\/p>\n<p>Marcelino Iglesias explic&oacute;: &ldquo;Este es un ejemplo de c&oacute;mo se pueden malversar los fondos p&uacute;blicos o invertir bien. Nosotros decidimos invertir bien. En materia de empleo, esta empresa est&aacute; dando mano de obra a 60 o 70 personas, es trabajo genuino, en blanco, controlado, chequeado que se hace por la buena utilizaci&oacute;n de los fondos&rdquo;.<\/p>\n<p><a href=\"https:\/\/www.mendoza.gov.ar\/prensa\/wp-content\/uploads\/sites\/23\/1DSC_7747.jpg\"><img loading=\"lazy\" class=\"alignnone  wp-image-64549 img-responsive center-block\" src=\"https:\/\/www.mendoza.gov.ar\/prensa\/wp-content\/uploads\/sites\/23\/1DSC_7747.jpg\" alt=\"\" width=\"612\" height=\"405\"><\/a><\/p>\n<p>El intendente aprovech&oacute; para pedir disculpas a los vecinos, ya que se trata de una obra larga: se estima de sies&nbsp;meses. &ldquo;No la vamos a inaugurar, la vamos a ir habilitando por partes, en la medida que vamos terminando. Estimamos que en setiembre vamos a habilitar el primer tramo y seguimos con el resto&rdquo;.<\/p>\n<p>Con respecto a las obras de repavimentaci&oacute;n que est&aacute; ejecutando el Municipio, Iglesias explic&oacute;: &ldquo;Tenemos una meta ambiciosa de 250 cuadras y creo que la vamos a cumplir. Hasta ahora tenemos asfaltadas, terminadas y habilitadas 70 cuadras aproximadamente&rdquo;.<\/p>\n<p>El intendente dio detalles&nbsp;de las obras que se est&aacute;n ejecutando:<\/p>\n<ul>\n<li>Un tramo en la calle Elpidio Gonz&aacute;lez entre Urquiza y 9 de Julio que se empieza a asfaltar, con trabajos preliminares esta semana. El asfalto se comenzar&aacute; a colocar la pr&oacute;xima semana.<\/li>\n<li>Calle Roca entre La Pur&iacute;sima y Avellanada.<\/li>\n<li>Calle Cipoletti entre Francisco &Aacute;lvarez y Cobos.<\/li>\n<li>Darwin entre Dorrego y Remedios Escalada.<\/li>\n<li>Sobremonte entre Adolfo calle y Guillermo Molina.<\/li>\n<li>Pellegrini (que visitaron Iglesias&nbsp;y el Gobernador) entre Godoy Cruz y&nbsp;Lateral Norte.<\/li>\n<\/ul>\n<p>&nbsp;<\/p>\n<\/body><\/html>\n","protected":false},"excerpt":{"rendered":"Junto al jefe comunal de Guaymall\u00e9n, Marcelino Iglesias, recorrieron las obras de pavimentaci\u00f3n que se est\u00e1n realizando en las calles Godoy Cruz y Pellegrini, Pringles y Soler, Bandera de Los Andes y Allayme, y Azcu\u00e9naga del departamento. Alfredo Cornejo se mostr\u00f3 muy conforme con la administraci\u00f3n del intendente.","protected":false},"author":3,"featured_media":64547,"comment_status":"open","ping_status":"open","sticky":false,"template":"","format":"standard","meta":[],"categories":[19],"tags":[],"_links":{"self":[{"href":"https:\/\/www.mendoza.gov.ar\/prensa\/wp-json\/wp\/v2\/posts\/64546"}],"collection":[{"href":"https:\/\/www.mendoza.gov.ar\/prensa\/wp-json\/wp\/v2\/posts"}],"about":[{"href":"https:\/\/www.mendoza.gov.ar\/prensa\/wp-json\/wp\/v2\/types\/post"}],"author":[{"embeddable":true,"href":"https:\/\/www.mendoza.gov.ar\/prensa\/wp-json\/wp\/v2\/users\/3"}],"replies":[{"embeddable":true,"href":"https:\/\/www.mendoza.gov.ar\/prensa\/wp-json\/wp\/v2\/comments?post=64546"}],"version-history":[{"count":0,"href":"https:\/\/www.mendoza.gov.ar\/prensa\/wp-json\/wp\/v2\/posts\/64546\/revisions"}],"wp:featuredmedia":[{"embeddable":true,"href":"https:\/\/www.mendoza.gov.ar\/prensa\/wp-json\/wp\/v2\/media\/64547"}],"wp:attachment":[{"href":"https:\/\/www.mendoza.gov.ar\/prensa\/wp-json\/wp\/v2\/media?parent=64546"}],"wp:term":[{"taxonomy":"category","embeddable":true,"href":"https:\/\/www.mendoza.gov.ar\/prensa\/wp-json\/wp\/v2\/categories?post=64546"},{"taxonomy":"post_tag","embeddable":true,"href":"https:\/\/www.mendoza.gov.ar\/prensa\/wp-json\/wp\/v2\/tags?post=64546"}],"curies":[{"name":"wp","href":"https:\/\/api.w.org\/{rel}","templated":true}]}}