{"id":64572,"date":"2016-08-24T15:20:48","date_gmt":"2016-08-24T18:20:48","guid":{"rendered":"http:\/\/prensa.mendoza.gov.ar\/?p=64572"},"modified":"2016-08-24T15:20:48","modified_gmt":"2016-08-24T18:20:48","slug":"se-realizo-la-audiencia-publica-para-la-designacion-de-alejandro-gulle","status":"publish","type":"post","link":"https:\/\/www.mendoza.gov.ar\/prensa\/se-realizo-la-audiencia-publica-para-la-designacion-de-alejandro-gulle\/","title":{"rendered":"Se realiz\u00f3 la Audiencia P\u00fablica para la designaci\u00f3n de Alejandro Gull\u00e9"},"content":{"rendered":"<!DOCTYPE html PUBLIC \"-\/\/W3C\/\/DTD HTML 4.0 Transitional\/\/EN\" \"http:\/\/www.w3.org\/TR\/REC-html40\/loose.dtd\">\n<html><body><p>Los ministros de Seguridad, Gianni Venier, y de Gobierno, Trabajo y Justicia, Dalmiro Garay, y el subsecretario de Justicia, Marcelo D&rsquo;Agostino, participaron &nbsp;hoy de la Audiencia P&uacute;blica organizada por la Comisi&oacute;n de Asuntos Constitucionales de la Legislatura&nbsp;para la designaci&oacute;n de Alejandro Gull&eacute; como procurador general de la Corte. La actividad&nbsp;se desarroll&oacute; esta ma&ntilde;ana&nbsp;en el Sal&oacute;n Ricardo Rojas del Anexo de la Casa de las Leyes.<\/p>\n<p>Participaron adem&aacute;s en&nbsp;la reuni&oacute;n los legisladores Juan Carlos Jaliff (UCR), Juan Antonio Agulles (FPV-PJ), Miguel Bondino (FPV-PJ), Adri&aacute;n Reche (UCR), &Aacute;ngel Brancato (FPV-PJ), Mauricio Sat (FPV-PJ),&nbsp; Jorge Palero (UCR),&nbsp; Jorge Teves (UCR), Ernesto Mancinelli (Libres del Sur), Gustavo Arenas (FPV-PJ), Guillermo Amstutz (Unidad Popular), Claudia Najul (UCR), Mariana Caroglio (UCR), Claudia Salas (UCR),&nbsp; Ana Sevilla (FPV-PJ), Olga Bianchinelli (FPV-PJ) y Mar&iacute;a Jos&eacute; Ubaldini (FPV-PJ).<\/p>\n<p>Al comenzar el encuentro, el senador Rubio explic&oacute; que s&oacute;lo podr&iacute;an hacer uso de la palabra las personas que hubiesen presentado impugnaciones o adhesiones en los tiempos establecidos por el Reglamento Interno de la C&aacute;mara. En total se presentaron 83 avales y ning&uacute;n cuestionamiento al camarista.<\/p>\n<p>Entre las personas que apoyaron la postulaci&oacute;n de Gull&eacute; estuvieron&nbsp;el decano de la Facultad de Derecho de la UNCuyo, Ismael Farrando, quien&nbsp;se refiri&oacute; a&nbsp;las cualidades que tiene el profesional,&nbsp;con una importante trayectoria en la provincia. &ldquo;Estamos convencidos de que es una persona de bien, que ha ejercido con compromiso la profesi&oacute;n por m&aacute;s de 30 a&ntilde;os, que luch&oacute; por una universidad p&uacute;blica y gratuita&rdquo;, dijo.<\/p>\n<p>Gull&eacute; tiene una larga carrera en la Justicia. En sus comienzos fue relator de la Suprema Corte. Su tarea era armar los fundamentos de los fallos de los jueces del m&aacute;ximo tribunal. Adem&aacute;s, tambi&eacute;n se desempe&ntilde;&oacute; como juez de Instrucci&oacute;n y, desde hace a&ntilde;os, juez de apelaciones y de juicios orales y p&uacute;blicos.<\/p>\n<p>El postulante al cargo de procurador se mostr&oacute; agradecido por las adhesiones. &ldquo;Refuerza mi compromiso de seguir en este camino. Convencido de que se puede hacer mucho desde el Poder Judicial. Yo voy a ser leal con mi forma de pensar, no tengo ning&uacute;n problema en dialogar con los dem&aacute;s. Cada uno es responsable de lo que hace. Nosotros trabajamos para toda la sociedad y el Ministerio P&uacute;blico representa los intereses de la sociedad en el esclarecimiento de los delitos y el juzgamiento de los mismos&rdquo;, explic&oacute;.<\/p>\n<p>El pliego para la designaci&oacute;n correspondiente ser&aacute; tratado por la C&aacute;mara de Senadores en los pr&oacute;ximos d&iacute;as.<\/p>\n<\/body><\/html>\n","protected":false},"excerpt":{"rendered":"Se presentaron 83 avales y ning\u00fan cuestionamiento para que el actual juez de C\u00e1mara ocupe el cargo de procurador general de la Suprema Corte de Justicia.","protected":false},"author":3,"featured_media":64574,"comment_status":"open","ping_status":"open","sticky":false,"template":"","format":"standard","meta":[],"categories":[1],"tags":[],"_links":{"self":[{"href":"https:\/\/www.mendoza.gov.ar\/prensa\/wp-json\/wp\/v2\/posts\/64572"}],"collection":[{"href":"https:\/\/www.mendoza.gov.ar\/prensa\/wp-json\/wp\/v2\/posts"}],"about":[{"href":"https:\/\/www.mendoza.gov.ar\/prensa\/wp-json\/wp\/v2\/types\/post"}],"author":[{"embeddable":true,"href":"https:\/\/www.mendoza.gov.ar\/prensa\/wp-json\/wp\/v2\/users\/3"}],"replies":[{"embeddable":true,"href":"https:\/\/www.mendoza.gov.ar\/prensa\/wp-json\/wp\/v2\/comments?post=64572"}],"version-history":[{"count":0,"href":"https:\/\/www.mendoza.gov.ar\/prensa\/wp-json\/wp\/v2\/posts\/64572\/revisions"}],"wp:featuredmedia":[{"embeddable":true,"href":"https:\/\/www.mendoza.gov.ar\/prensa\/wp-json\/wp\/v2\/media\/64574"}],"wp:attachment":[{"href":"https:\/\/www.mendoza.gov.ar\/prensa\/wp-json\/wp\/v2\/media?parent=64572"}],"wp:term":[{"taxonomy":"category","embeddable":true,"href":"https:\/\/www.mendoza.gov.ar\/prensa\/wp-json\/wp\/v2\/categories?post=64572"},{"taxonomy":"post_tag","embeddable":true,"href":"https:\/\/www.mendoza.gov.ar\/prensa\/wp-json\/wp\/v2\/tags?post=64572"}],"curies":[{"name":"wp","href":"https:\/\/api.w.org\/{rel}","templated":true}]}}