{"id":64577,"date":"2016-08-24T15:28:57","date_gmt":"2016-08-24T18:28:57","guid":{"rendered":"http:\/\/prensa.mendoza.gov.ar\/?p=64577"},"modified":"2016-08-24T15:28:57","modified_gmt":"2016-08-24T18:28:57","slug":"economia-capacita-sobre-procesos-de-ventas","status":"publish","type":"post","link":"https:\/\/www.mendoza.gov.ar\/prensa\/economia-capacita-sobre-procesos-de-ventas\/","title":{"rendered":"Econom\u00eda capacita sobre procesos de ventas"},"content":{"rendered":"<!DOCTYPE html PUBLIC \"-\/\/W3C\/\/DTD HTML 4.0 Transitional\/\/EN\" \"http:\/\/www.w3.org\/TR\/REC-html40\/loose.dtd\">\n<html><body><p>El Ministerio de Econom&iacute;a, Infraestructura y Energ&iacute;a, a trav&eacute;s del Instituto de Desarrollo Industrial, Tecnol&oacute;gico y de Servicios (IDITS), convoca a emprendedores y empresarios pymes a participar&nbsp;en&nbsp;el taller de capacitaci&oacute;n &ldquo;Procesos para ventas exitosas&rdquo;, que se realizar&aacute; el martes 30 de agosto a partir de las 14.<\/p>\n<p>Los temas que se desarrollar&aacute;n ser&aacute;n Etapas de la venta y &Aacute;reas de acci&oacute;n, a cargo de Marcos Morales y Marcos Rocabado, ambos socios fundadores de Motion Idea.<\/p>\n<p>El encuentro ser&aacute; en la sede del IDITS, Juli&aacute;n Barraquero 130, Ciudad de Mendoza. Para m&aacute;s informaci&oacute;n e inscripciones, escribir a promocion@idits.org.ar.<\/p>\n<\/body><\/html>\n","protected":false},"excerpt":{"rendered":"El taller ser\u00e1 dictado por miembros fundadores de Motion Idea. La asistencia es con inscripci\u00f3n previa enviando un correo electr\u00f3nico a promocion@idits.org.ar.","protected":false},"author":3,"featured_media":0,"comment_status":"open","ping_status":"open","sticky":false,"template":"","format":"standard","meta":[],"categories":[1],"tags":[],"_links":{"self":[{"href":"https:\/\/www.mendoza.gov.ar\/prensa\/wp-json\/wp\/v2\/posts\/64577"}],"collection":[{"href":"https:\/\/www.mendoza.gov.ar\/prensa\/wp-json\/wp\/v2\/posts"}],"about":[{"href":"https:\/\/www.mendoza.gov.ar\/prensa\/wp-json\/wp\/v2\/types\/post"}],"author":[{"embeddable":true,"href":"https:\/\/www.mendoza.gov.ar\/prensa\/wp-json\/wp\/v2\/users\/3"}],"replies":[{"embeddable":true,"href":"https:\/\/www.mendoza.gov.ar\/prensa\/wp-json\/wp\/v2\/comments?post=64577"}],"version-history":[{"count":0,"href":"https:\/\/www.mendoza.gov.ar\/prensa\/wp-json\/wp\/v2\/posts\/64577\/revisions"}],"wp:attachment":[{"href":"https:\/\/www.mendoza.gov.ar\/prensa\/wp-json\/wp\/v2\/media?parent=64577"}],"wp:term":[{"taxonomy":"category","embeddable":true,"href":"https:\/\/www.mendoza.gov.ar\/prensa\/wp-json\/wp\/v2\/categories?post=64577"},{"taxonomy":"post_tag","embeddable":true,"href":"https:\/\/www.mendoza.gov.ar\/prensa\/wp-json\/wp\/v2\/tags?post=64577"}],"curies":[{"name":"wp","href":"https:\/\/api.w.org\/{rel}","templated":true}]}}