{"id":64724,"date":"2016-08-25T22:10:11","date_gmt":"2016-08-26T01:10:11","guid":{"rendered":"http:\/\/prensa.mendoza.gov.ar\/?p=64724"},"modified":"2016-08-25T22:10:11","modified_gmt":"2016-08-26T01:10:11","slug":"cornejo-quien-hace-crecer-a-mendoza-es-el-sector-privado","status":"publish","type":"post","link":"https:\/\/www.mendoza.gov.ar\/prensa\/cornejo-quien-hace-crecer-a-mendoza-es-el-sector-privado\/","title":{"rendered":"Cornejo: \u201cQuien hace crecer a Mendoza es el sector privado\u201d"},"content":{"rendered":"<!DOCTYPE html PUBLIC \"-\/\/W3C\/\/DTD HTML 4.0 Transitional\/\/EN\" \"http:\/\/www.w3.org\/TR\/REC-html40\/loose.dtd\">\n<html><body><p>En el complejo Arena Maip&uacute;, se realiz&oacute; la d&eacute;cima edici&oacute;n del Networking Day, evento que reuni&oacute; a los suscriptores de la revista <em>Punto a Punto.<\/em> Durante el encuentro, en el que particip&oacute; el Gobernador Alfredo Cornejo, los invitados pudieron tomar contacto con sus pares empresariales de la provincia y las empresas locales publicitar&nbsp;sus productos. El mandatario fue recibido por Adolfo de la Reta, director general de <em>Punto a Punto,<\/em> y por su director period&iacute;stico, Mauricio Llaver.<\/p>\n<p>&ldquo;Quien hace crecer a Mendoza es el sector privado, trabajando, invirtiendo y organizando mejor sus negocios. Los aliento a seguir trabajando con esperanza por el pa&iacute;s y por Mendoza&rdquo;, dijo Cornejo durante el discurso que dirigi&oacute; a los invitados. En la oportunidad fueron 17 bodegas, que nuclean a los principales en&oacute;logos del pa&iacute;s con reconocimientos internacionales de distinto tipo, las que tuvieron la posibilidad de presentar sus mejores vinos.<\/p>\n<p>&ldquo;El evento ya es un cl&aacute;sico en la provincia. Hoy estoy aqu&iacute; para continuar alentando este tipo de emprendimientos y para transmitirles a las empresas del sector privado que tienen un Gobierno que est&aacute; empecinado en organizar mejor sus servicios estatales&rdquo;, subray&oacute; el Gobernador.<\/p>\n<p>Indic&oacute; que sus gesti&oacute;n est&aacute; abocada a que &ldquo;los privados se involucren en las pol&iacute;ticas de Estado, porque son parte y no meros espectadores&rdquo;, y agreg&oacute;: &ldquo;La mejor organizaci&oacute;n de los servicios estatales va a permitir optimizar el gasto, mejorar la recaudaci&oacute;n y desde luego liberar fuerzas para que el sector privado invierta, arriesgue, produzca y genere la rentabilidad suficiente para que Mendoza crezca&rdquo;.<\/p>\n<p>Rub&eacute;n Giacchi, ministro de Salud, Desarrollo Social y Deportes; Mart&iacute;n Kerchner, ministro de Hacienda y Finanzas; Enrique Vaqui&eacute;, ministro de Econom&iacute;a, Infraestructura y Energ&iacute;a, y&nbsp;Gianni Venier, estuvieron presentes para acompa&ntilde;ar al Gobernador en el encuentro.<\/p>\n<p>Concurrieron adem&aacute;s&nbsp;el dirigente radical Ernesto Sanz; Silvina Biagiotti, subsecretaria de Desarrollo Tur&iacute;stico de la Naci&oacute;n; Alejandro Bermejo, intendente de Maip&uacute;; Tadeo Garc&iacute;a Zalazar, intendente de Godoy Cruz; Omar de Marchi, intendente de Luj&aacute;n; Rodolfo Su&aacute;rez, intendente de Capital, y Gabriel Fidel, titular de ProMendoza,&nbsp;entre otros.<\/p>\n<p>&nbsp;<\/p>\n<\/body><\/html>\n","protected":false},"excerpt":{"rendered":"Lo asegur\u00f3 el Gobernador durante su participaci\u00f3n en el Networking Day de la revista &#8220;Punto a Punto&#8221;. El evento reuni\u00f3 a 17 bodegas que nuclean a los principales en\u00f3logos del pa\u00eds con reconocimientos internacionales de distinto tipo.","protected":false},"author":3,"featured_media":64748,"comment_status":"open","ping_status":"open","sticky":false,"template":"","format":"standard","meta":[],"categories":[19],"tags":[],"_links":{"self":[{"href":"https:\/\/www.mendoza.gov.ar\/prensa\/wp-json\/wp\/v2\/posts\/64724"}],"collection":[{"href":"https:\/\/www.mendoza.gov.ar\/prensa\/wp-json\/wp\/v2\/posts"}],"about":[{"href":"https:\/\/www.mendoza.gov.ar\/prensa\/wp-json\/wp\/v2\/types\/post"}],"author":[{"embeddable":true,"href":"https:\/\/www.mendoza.gov.ar\/prensa\/wp-json\/wp\/v2\/users\/3"}],"replies":[{"embeddable":true,"href":"https:\/\/www.mendoza.gov.ar\/prensa\/wp-json\/wp\/v2\/comments?post=64724"}],"version-history":[{"count":0,"href":"https:\/\/www.mendoza.gov.ar\/prensa\/wp-json\/wp\/v2\/posts\/64724\/revisions"}],"wp:featuredmedia":[{"embeddable":true,"href":"https:\/\/www.mendoza.gov.ar\/prensa\/wp-json\/wp\/v2\/media\/64748"}],"wp:attachment":[{"href":"https:\/\/www.mendoza.gov.ar\/prensa\/wp-json\/wp\/v2\/media?parent=64724"}],"wp:term":[{"taxonomy":"category","embeddable":true,"href":"https:\/\/www.mendoza.gov.ar\/prensa\/wp-json\/wp\/v2\/categories?post=64724"},{"taxonomy":"post_tag","embeddable":true,"href":"https:\/\/www.mendoza.gov.ar\/prensa\/wp-json\/wp\/v2\/tags?post=64724"}],"curies":[{"name":"wp","href":"https:\/\/api.w.org\/{rel}","templated":true}]}}