{"id":64731,"date":"2016-08-26T08:06:16","date_gmt":"2016-08-26T11:06:16","guid":{"rendered":"http:\/\/prensa.mendoza.gov.ar\/?p=64731"},"modified":"2016-08-26T08:06:16","modified_gmt":"2016-08-26T11:06:16","slug":"ambiente-participo-de-la-jornada-de-ordenamiento-territorial-organizada-por-bosques-nativos","status":"publish","type":"post","link":"https:\/\/www.mendoza.gov.ar\/prensa\/ambiente-participo-de-la-jornada-de-ordenamiento-territorial-organizada-por-bosques-nativos\/","title":{"rendered":"Ambiente particip\u00f3 de la Jornada de Ordenamiento Territorial organizada por Bosques Nativos"},"content":{"rendered":"<!DOCTYPE html PUBLIC \"-\/\/W3C\/\/DTD HTML 4.0 Transitional\/\/EN\" \"http:\/\/www.w3.org\/TR\/REC-html40\/loose.dtd\">\n<html><body><p>La Unidad de Bosques Nativos de la Secretar&iacute;a de Ambiente y Ordenamiento Territorial de la Provincia junto a la Direcci&oacute;n de Bosques de la Naci&oacute;n organizaron recientemente una jornada-taller con los principales actores del sector cient&iacute;fico-t&eacute;cnico y acad&eacute;mico de Mendoza.<\/p>\n<p>Tuvieron&nbsp;la finalidad de iniciar el proceso de actualizaci&oacute;n de informaci&oacute;n y datos sobre nuestros bosques y conformar equipos interdisciplinarios que puedan efectuar futuros aportes.<\/p>\n<p>La mesa de autoridades que inici&oacute;&nbsp;la jornada estuvo conformada por el coordinador de la Agencia de Cambio Clim&aacute;tico, Sebastian Melchor, en representaci&oacute;n del secretario de Ambiente de la Provincia; la &nbsp;encargada de Ordenamiento Territorial de la Direcci&oacute;n de Bosques de la Naci&oacute;n, el coordinador de la Carrera de Gesti&oacute;n Ambiental de la Universidad de Congreso y el&nbsp; coordinador de la Unidad de Bosques Nativos de Mendoza, Sebastian Fermani.<\/p>\n<p>&ldquo;Es sumamente importante, para el futuro de la provincia, pensar en nuestros bosques y contar con los criterios t&eacute;cnicos actualizados para su conservaci&oacute;n, en algunos casos integrando las actividades productivas y el desarrollo sustentable&rdquo;, expres&oacute; Melchor en sus palabras de apertura.<\/p>\n<p>A continuaci&oacute;n, se conformaron seis mesas de trabajo con&nbsp;especialistas de la UNCuyo, de varios institutos del Centro Cient&iacute;fico Tecnol&oacute;gico (CCT)&nbsp;Mendoza,&nbsp;de la Universidad de Congreso,&nbsp;la Direcci&oacute;n de Bosques de la Naci&oacute;n, la Secretar&iacute;a de Ambiente y Ordenamiento Territorial de la Provincia, la Subsecretar&iacute;a de Agricultura Familia, el INTA&nbsp;y&nbsp;el Nodo &ldquo;Monte y Espinal&rdquo;, entre otros organismos.<\/p>\n<p>Cada grupo&nbsp;de trabajo abord&oacute; una serie de criterios de ordenamiento territorial predefinidos y, como resultado, cada equipo aport&oacute; nuevos datos que enriquecen el conocimiento de los bosques nativos, los cuales posteriormente ser&aacute;n georreferenciados.<\/p>\n<p><strong>Criterios de ordenamiento territorial<\/strong><\/p>\n<ol>\n<li>Presencia de bosque.<\/li>\n<li>Vinculaci&oacute;n con otras comunidades naturales.<\/li>\n<li>Vinculaci&oacute;n con &aacute;reas protegidas existentes e integraci&oacute;n regional.<\/li>\n<li>Existencia de valores biol&oacute;gicos sobresalientes.<\/li>\n<li>Conectividad.<\/li>\n<li>Estado de conservaci&oacute;n.<\/li>\n<li>Potencial forestal.<\/li>\n<li>Potencial de sustentabilidad agr&iacute;cola-ganadera.<\/li>\n<li>Potencial de conservaci&oacute;n de cuencas.<\/li>\n<li>Valor para las comunidades originarias y campesinas.<\/li>\n<li>Desertificaci&oacute;n.<\/li>\n<li>Ordenamiento Territorial.<\/li>\n<\/ol>\n<\/body><\/html>\n","protected":false},"excerpt":{"rendered":"Fueron organizadas por la Unidad de Bosques Nativos de la Secretar\u00eda de Ambiente y Ordenamiento Territorial de Mendoza junto a la Direcci\u00f3n de Bosques de la Naci\u00f3n. Convocaron a referentes del sector cient\u00edfico-t\u00e9cnico y acad\u00e9mico para actualizar informaci\u00f3n sobre nuestros bosques y conformar equipos interdisciplinarios que puedan efectuar futuros aportes.","protected":false},"author":3,"featured_media":64732,"comment_status":"open","ping_status":"open","sticky":false,"template":"","format":"standard","meta":[],"categories":[3],"tags":[],"_links":{"self":[{"href":"https:\/\/www.mendoza.gov.ar\/prensa\/wp-json\/wp\/v2\/posts\/64731"}],"collection":[{"href":"https:\/\/www.mendoza.gov.ar\/prensa\/wp-json\/wp\/v2\/posts"}],"about":[{"href":"https:\/\/www.mendoza.gov.ar\/prensa\/wp-json\/wp\/v2\/types\/post"}],"author":[{"embeddable":true,"href":"https:\/\/www.mendoza.gov.ar\/prensa\/wp-json\/wp\/v2\/users\/3"}],"replies":[{"embeddable":true,"href":"https:\/\/www.mendoza.gov.ar\/prensa\/wp-json\/wp\/v2\/comments?post=64731"}],"version-history":[{"count":0,"href":"https:\/\/www.mendoza.gov.ar\/prensa\/wp-json\/wp\/v2\/posts\/64731\/revisions"}],"wp:featuredmedia":[{"embeddable":true,"href":"https:\/\/www.mendoza.gov.ar\/prensa\/wp-json\/wp\/v2\/media\/64732"}],"wp:attachment":[{"href":"https:\/\/www.mendoza.gov.ar\/prensa\/wp-json\/wp\/v2\/media?parent=64731"}],"wp:term":[{"taxonomy":"category","embeddable":true,"href":"https:\/\/www.mendoza.gov.ar\/prensa\/wp-json\/wp\/v2\/categories?post=64731"},{"taxonomy":"post_tag","embeddable":true,"href":"https:\/\/www.mendoza.gov.ar\/prensa\/wp-json\/wp\/v2\/tags?post=64731"}],"curies":[{"name":"wp","href":"https:\/\/api.w.org\/{rel}","templated":true}]}}