{"id":64801,"date":"2016-08-28T08:00:32","date_gmt":"2016-08-28T11:00:32","guid":{"rendered":"http:\/\/prensa.mendoza.gov.ar\/?p=64801"},"modified":"2016-08-28T08:00:32","modified_gmt":"2016-08-28T11:00:32","slug":"impulsan-un-cambio-cultural-para-prevenir-incendios","status":"publish","type":"post","link":"https:\/\/www.mendoza.gov.ar\/prensa\/impulsan-un-cambio-cultural-para-prevenir-incendios\/","title":{"rendered":"Impulsan un cambio cultural para prevenir incendios"},"content":{"rendered":"<!DOCTYPE html PUBLIC \"-\/\/W3C\/\/DTD HTML 4.0 Transitional\/\/EN\" \"http:\/\/www.w3.org\/TR\/REC-html40\/loose.dtd\">\n<html><body><p>Bajo el eslogan &ldquo;El fuego no es un juego&rdquo;, la Secretar&iacute;a de Ambiente y Ordenamiento Territorial de la Provincia iniciar&aacute; la pr&oacute;xima semana una campa&ntilde;a de concientizaci&oacute;n sobre el uso del fuego en espacios abiertos.<\/p>\n<p>La campa&ntilde;a incluir&aacute; mensajes en los medios audiovisuales y gr&aacute;ficos, y carteler&iacute;a en rutas de acceso a zonas de esparcimiento p&uacute;blico o tur&iacute;stico. Adem&aacute;s, las acciones llegar&aacute;n a las escuelas, en donde se brindar&aacute;n charlas sobre los recaudos a tomar ante el uso del fuego en espacios abiertos y el peligro de pr&aacute;cticas rurales muy arraigadas pero peligrosas, como la quema de ramas, pastizales y hojas secas.<\/p>\n<p>La provincia cuenta hoy con la protecci&oacute;n del Servicio Provincial de Manejo del Fuego, integrado por un grupo de cerca de 40 brigadistas y equipado con un avi&oacute;n hidrante y 5 veh&iacute;culos todo terreno. Adem&aacute;s de su accionar en casos de siniestros, el equipo de brigadistas peri&oacute;dicamente realiza labores preventivas a trav&eacute;s de charlas educativas, tanto para p&uacute;blico masivo como para otros organismos vinculados, como bomberos o polic&iacute;as.<\/p>\n<p>Desde el organismo explican que debido a este ciclo clim&aacute;tico h&uacute;medo que se registra en la regi&oacute;n y produce un incremento de la vegetaci&oacute;n, este a&ntilde;o habr&aacute; &nbsp;mayor riesgo de incendios. Por ello, la Direcci&oacute;n de Recursos Naturales Renovables solicita la colaboraci&oacute;n de la poblaci&oacute;n a trav&eacute;s de medidas esenciales:<\/p>\n<ul>\n<li>Dar aviso cuando se vea encendido de fogatas en descampados o terrenos bald&iacute;os, al 911 o a www.mendoza.gov.ar\/ambiente.<\/li>\n<li>Desmalezar los cierres perimetrales de terrenos grandes o rurales, como medida cortafuego.<\/li>\n<li>Ser cuidadoso al&nbsp;encender fuego de las diversas maneras que se pueda producir (cigarrillos, f&oacute;sforos, fogatas, asados, etc. en lugares no autorizados).<\/li>\n<\/ul>\n<\/body><\/html>\n","protected":false},"excerpt":{"rendered":"La Secretar\u00eda de Ambiente y Ordenamiento Territorial lanzar\u00e1 una campa\u00f1a de concientizaci\u00f3n que incluye mensajes gr\u00e1ficos, radiales y televisivos y charlas en las escuelas para generar conciencia sobre los cuidados que se deben tener al usar fuego en espacios abiertos.  ","protected":false},"author":3,"featured_media":0,"comment_status":"open","ping_status":"open","sticky":false,"template":"","format":"standard","meta":[],"categories":[3],"tags":[],"_links":{"self":[{"href":"https:\/\/www.mendoza.gov.ar\/prensa\/wp-json\/wp\/v2\/posts\/64801"}],"collection":[{"href":"https:\/\/www.mendoza.gov.ar\/prensa\/wp-json\/wp\/v2\/posts"}],"about":[{"href":"https:\/\/www.mendoza.gov.ar\/prensa\/wp-json\/wp\/v2\/types\/post"}],"author":[{"embeddable":true,"href":"https:\/\/www.mendoza.gov.ar\/prensa\/wp-json\/wp\/v2\/users\/3"}],"replies":[{"embeddable":true,"href":"https:\/\/www.mendoza.gov.ar\/prensa\/wp-json\/wp\/v2\/comments?post=64801"}],"version-history":[{"count":0,"href":"https:\/\/www.mendoza.gov.ar\/prensa\/wp-json\/wp\/v2\/posts\/64801\/revisions"}],"wp:attachment":[{"href":"https:\/\/www.mendoza.gov.ar\/prensa\/wp-json\/wp\/v2\/media?parent=64801"}],"wp:term":[{"taxonomy":"category","embeddable":true,"href":"https:\/\/www.mendoza.gov.ar\/prensa\/wp-json\/wp\/v2\/categories?post=64801"},{"taxonomy":"post_tag","embeddable":true,"href":"https:\/\/www.mendoza.gov.ar\/prensa\/wp-json\/wp\/v2\/tags?post=64801"}],"curies":[{"name":"wp","href":"https:\/\/api.w.org\/{rel}","templated":true}]}}