{"id":64976,"date":"2016-08-29T15:10:58","date_gmt":"2016-08-29T18:10:58","guid":{"rendered":"http:\/\/prensa.mendoza.gov.ar\/?p=64976"},"modified":"2016-08-29T15:10:58","modified_gmt":"2016-08-29T18:10:58","slug":"mendoza-suma-nuevas-instalaciones-para-educacion-especial","status":"publish","type":"post","link":"https:\/\/www.mendoza.gov.ar\/prensa\/mendoza-suma-nuevas-instalaciones-para-educacion-especial\/","title":{"rendered":"Mendoza suma nuevas instalaciones para educaci\u00f3n especial"},"content":{"rendered":"<!DOCTYPE html PUBLIC \"-\/\/W3C\/\/DTD HTML 4.0 Transitional\/\/EN\" \"http:\/\/www.w3.org\/TR\/REC-html40\/loose.dtd\">\n<html><body><p>Cobijar&aacute;n&nbsp;a&nbsp;casi 150 alumnos con distintas discapacidades motrices y mentales, quienes disfrutar&aacute;n de mayores comodidades y espacios, acordes a los requerimientos de la comunidad educativa.<\/p>\n<p>En la escuela Artesanos Mendocinos, el Gobernador &nbsp;Alfredo Cornejo; el intendente de Godoy Cruz, Tadeo Garc&iacute;a Zalazar; el director general de Escuelas, Jaime Correas; el ministro de Gobierno, Justicia y Trabajo, Dalmiro Garay, y la directora del establecimiento, Cecilia Gonz&aacute;lez, cortaron la cinta del nuevo edificio y descubrieron una placa recordatoria. A continuaci&oacute;n, recorrieron las instalaciones ubicadas en Estrada y Groussac.<\/p>\n<p>Finalizada la recorrida, las autoridades se trasladaron&nbsp;al edificio de la escuela&nbsp;Fidela Maldonado de Cano sobre Luzuriaga y Estrada, en donde adem&aacute;s del tradicional corte de cinta realizado por la comitiva y su directora, M&oacute;nica Climi&ntilde;o, se llev&oacute; a cabo&nbsp;un acto protocolar y art&iacute;stico.<\/p>\n<p>Tras distinguir a la docente Patricia Brondo, el Gobernador explic&oacute; que en su momento hubo que decidir entre construir una plaza, como ped&iacute;an los vecinos, o construir el edificio para las escuelas. Y hoy qued&oacute; demostrado lo acertado de su decisi&oacute;n.<\/p>\n<p>&ldquo;Yo fui intendente 8 a&ntilde;os en Godoy Cruz y recuerdo perfectamente a muchos de estos padres cuando nos reun&iacute;amos a debatir sobre este proyecto y sobre la necesidad de esta infraestructura. Gracias a que hemos equilibrado en los &uacute;ltimos meses el sistema de pagos, pudimos acelerar la obra y hoy la estamos inaugurando con este servicio y esta arquitectura especial&rdquo; agreg&oacute; el jefe del ejecutivo provincial.<\/p>\n<p>&ldquo;Agradezco a la comunidad educativa, a los docentes y no docentes, que le ponen mucho profesionalismo, pasi&oacute;n y amor a lo que hacen. Necesitamos docentes comprometidos con su trabajo, necesitamos a todos los padres apoyando al personal de la escuela, exigiendole con respeto y cuidandolos&rdquo; finaliz&oacute; el Gobernador.<\/p>\n<p>A su turno, Tadeo Garc&iacute;a Zalazar expres&oacute;:&nbsp;&ldquo;Este es uno de los d&iacute;as m&aacute;s lindos de mi&nbsp;gesti&oacute;n de gobierno. La inauguraci&oacute;n de un edificio escolar siempre es un hecho importante pero en este caso es doblemente importante. Fueron numerosas las barreras que tuvieron que superarse para que dos escuelas tuvieran su edificio propio&rdquo;.<\/p>\n<p>&ldquo;Queremos renovar nuestro compromiso porque tanto desde el Municipio, desde el &aacute;rea de Educaci&oacute;n y Discapacidad, tenemos programas que son bien complementarios con los que tiene la Direcci&oacute;n General de Escuelas&nbsp;y el Ministerio de Salud y Desarrollo Social de la provincia y queremos seguir trabajando por una sociedad m&aacute;s inclusiva&rdquo;, finaliz&oacute; el intendente.<\/p>\n<p>Asistieron al acto tambi&eacute;n el subsecretario de Infraestructura Social B&aacute;sica, Guillermo Carbonell, y&nbsp;la subsecretaria de Gesti&oacute;n Educativa, M&oacute;nica Coronado, &nbsp;y legisladores provinciales, entre otros.<\/p>\n<p><a href=\"https:\/\/www.mendoza.gov.ar\/prensa\/wp-content\/uploads\/sites\/23\/2110.jpg\"><img loading=\"lazy\" class=\"alignnone wp-image-65024 img-responsive center-block\" src=\"https:\/\/www.mendoza.gov.ar\/prensa\/wp-content\/uploads\/sites\/23\/2110.jpg\" alt=\"\" width=\"650\" height=\"432\"><\/a><\/p>\n<p><strong>La historia<\/strong><\/p>\n<p>La Escuela 2-033 Fidela Maldonado de Cano espera un lugar adecuado desde que se cre&oacute;, en 1954. La posprimaria 7-006 Artesanos Mendocinos integra la misma lista de establecimientos desde 1998. Las dos instituciones ocuparon espacios con pocas comodidades para sus matr&iacute;culas, dado que sus alumnos padecen de discapacidades y necesitan aprender en sitios acordes y funcionales a sus complejidades motrices y mentales. Los proyectos de los edificios nuevos incluyeron espacios ideales para el desplazamiento y desenvolvimiento de los alumnos.<\/p>\n<p>La obra fue ejecutada por la Subsecretar&iacute;a de Infraestructura Social B&aacute;sica, a trav&eacute;s de la firma Capsa SRL. Los trabajos comprendieron la construcci&oacute;n de 1.810 metros cuadrados, con una inversi&oacute;n oficial total de $18.500.000. Fue financiada &iacute;ntegramente con fondos provenientes de la Naci&oacute;n.<\/p>\n<p>Hasta la actualidad, sus alumnos, con discapacidades m&uacute;ltiples en lo motriz y mental, concurrieron a tomar clases en viviendas alquiladas por la Direcci&oacute;n General de Escuelas que no cumplen con los requerimientos funcionales necesarios para el &oacute;ptimo desarrollo f&iacute;sico e intelectual de los ni&ntilde;os y j&oacute;venes.<\/p>\n<p><strong>Detalle de las obras&nbsp;<\/strong><\/p>\n<p><strong>Primaria Especial&nbsp;Fidela Maldonado de Cano<\/strong><\/p>\n<p>En el acto de inauguraci&oacute;n del edificio, su directora, Mariela Climi&ntilde;o, manifest&oacute;: &ldquo;La escuela cumpli&oacute; ayer 62 a&ntilde;os de su creaci&oacute;n. El 28 de agosto de 1954 nac&iacute;a como anexo del instituto de rehabilitaci&oacute;n IRPI para dar respuesta a ni&ntilde;os con poliomielitis. Hoy la escuela es una instituci&oacute;n con un importante compromiso en lo educativo y social, con la convicci&oacute;n de que todos pueden aprender si se les brindan las posibilidades para hacerlo. Es eso lo que nos caracteriza, los que nos identifica: la capacidad de crear posibilidades&rdquo;.<\/p>\n<p>El nuevo edificio&nbsp;cuenta con m&aacute;s de 70 alumnos por nivel. Tiene&nbsp;las siguientes instalaciones:<\/p>\n<ul>\n<li>1 Hall de Acceso Principal.<\/li>\n<li>&Aacute;rea de Gobierno: Secretar&iacute;a, Administraci&oacute;n. Direcci&oacute;n, Sala de Docentes. 2 ba&ntilde;os de docentes. Gabinete psicopedag&oacute;gico.<\/li>\n<li>Dos aulas de Nivel Inicial con sanitario para discapacitados. Patios para Nivel Inicial.<\/li>\n<li>1 grupo sanitario: 2 sanitarios discapacitados y sala de cambiado.<\/li>\n<li>Sala de Psicomotricidad.<\/li>\n<li>Ludoteca.<\/li>\n<li>Patio de expansi&oacute;n.<\/li>\n<li>Sanitario adaptado.<\/li>\n<li>Cocina , lavander&iacute;a, despensa, sala de m&aacute;quinas.<\/li>\n<li>Taller de ciencias.<\/li>\n<li>Aula de M&uacute;sica. TUM<\/li>\n<\/ul>\n<p><a href=\"https:\/\/www.mendoza.gov.ar\/prensa\/wp-content\/uploads\/sites\/23\/mestra.jpg\"><img loading=\"lazy\" class=\"alignnone wp-image-65025 img-responsive center-block\" src=\"https:\/\/www.mendoza.gov.ar\/prensa\/wp-content\/uploads\/sites\/23\/mestra.jpg\" alt=\"\" width=\"650\" height=\"432\"><\/a><\/p>\n<p><strong>Posprimaria Artesanos Mendocinos &nbsp;<\/strong><\/p>\n<p>Su directora, Cecilia Gonz&aacute;lez, expres&oacute; en relaci&oacute;n a la inauguraci&oacute;n : &ldquo;Estamos felices de tener una escuela como corresponde, digna y adaptada a las&nbsp;necesidades de los chicos, para disfrutar y desenvolver sus actividades&rdquo;.<\/p>\n<p>&ldquo;A esta escuela de formaci&oacute;n integral especial concurren j&oacute;venes de 14 a 21 a&ntilde;os de edad, con discapacidades motrices, intelectuales, sensoriales, y desarrollan sus tareas en los diferentes talleres que tenemos y en actividades pedag&oacute;gicas y art&iacute;sticas&rdquo;, agreg&oacute; Gonz&aacute;lez. Da continuidad al proceso educativo iniciado por la escuela&nbsp;Maldonado de Cano.<\/p>\n<p>Las instalaciones que posee el nuevo edificio escolar son:<\/p>\n<ul>\n<li>Hall de Acceso.<\/li>\n<li>Gobierno: Secretar&iacute;a y Administraci&oacute;n. Direcci&oacute;n. Sala de Maestros. Gabinete. Ba&ntilde;os docentes.<\/li>\n<li>Taller de Actividades del Hogar.<\/li>\n<li>1 Grupo sanitario: 2 ba&ntilde;os discapacitados, una&nbsp;sala de cambiado.<\/li>\n<li>Taller de Arte en madera.<\/li>\n<li>Taller de Cer&aacute;mica.<\/li>\n<li>Taller de Floricultura.<\/li>\n<li>Taller de Pintura y artesan&iacute;a.<\/li>\n<li>Sala de bombas.<\/li>\n<li>Despensa.<\/li>\n<li>Sala de M&aacute;quinas.<\/li>\n<li>Cocina.<\/li>\n<li>Comedor.<\/li>\n<li>Patio de expansi&oacute;n.<\/li>\n<\/ul>\n<p>&nbsp;<\/p>\n<p>&nbsp;<\/p>\n<\/body><\/html>\n","protected":false},"excerpt":{"rendered":"Se trata de las escuelas especiales Fidela Maldonado de Cano y Artesanos Mendocinos. Beneficiar\u00e1n a casi 150 alumnos con distintas discapacidades motrices y mentales. La obra signific\u00f3 una inversi\u00f3n oficial de $18.500.000.","protected":false},"author":3,"featured_media":65016,"comment_status":"open","ping_status":"open","sticky":false,"template":"","format":"standard","meta":[],"categories":[19],"tags":[],"_links":{"self":[{"href":"https:\/\/www.mendoza.gov.ar\/prensa\/wp-json\/wp\/v2\/posts\/64976"}],"collection":[{"href":"https:\/\/www.mendoza.gov.ar\/prensa\/wp-json\/wp\/v2\/posts"}],"about":[{"href":"https:\/\/www.mendoza.gov.ar\/prensa\/wp-json\/wp\/v2\/types\/post"}],"author":[{"embeddable":true,"href":"https:\/\/www.mendoza.gov.ar\/prensa\/wp-json\/wp\/v2\/users\/3"}],"replies":[{"embeddable":true,"href":"https:\/\/www.mendoza.gov.ar\/prensa\/wp-json\/wp\/v2\/comments?post=64976"}],"version-history":[{"count":0,"href":"https:\/\/www.mendoza.gov.ar\/prensa\/wp-json\/wp\/v2\/posts\/64976\/revisions"}],"wp:featuredmedia":[{"embeddable":true,"href":"https:\/\/www.mendoza.gov.ar\/prensa\/wp-json\/wp\/v2\/media\/65016"}],"wp:attachment":[{"href":"https:\/\/www.mendoza.gov.ar\/prensa\/wp-json\/wp\/v2\/media?parent=64976"}],"wp:term":[{"taxonomy":"category","embeddable":true,"href":"https:\/\/www.mendoza.gov.ar\/prensa\/wp-json\/wp\/v2\/categories?post=64976"},{"taxonomy":"post_tag","embeddable":true,"href":"https:\/\/www.mendoza.gov.ar\/prensa\/wp-json\/wp\/v2\/tags?post=64976"}],"curies":[{"name":"wp","href":"https:\/\/api.w.org\/{rel}","templated":true}]}}