{"id":65051,"date":"2016-08-29T20:03:45","date_gmt":"2016-08-29T23:03:45","guid":{"rendered":"http:\/\/prensa.mendoza.gov.ar\/?p=65051"},"modified":"2016-08-29T20:03:45","modified_gmt":"2016-08-29T23:03:45","slug":"este-invierno-crecio-la-cantidad-de-hortalizas-plantadas-en-mendoza","status":"publish","type":"post","link":"https:\/\/www.mendoza.gov.ar\/prensa\/este-invierno-crecio-la-cantidad-de-hortalizas-plantadas-en-mendoza\/","title":{"rendered":"Este invierno creci\u00f3 la cantidad de hortalizas plantadas en Mendoza"},"content":{"rendered":"<!DOCTYPE html PUBLIC \"-\/\/W3C\/\/DTD HTML 4.0 Transitional\/\/EN\" \"http:\/\/www.w3.org\/TR\/REC-html40\/loose.dtd\">\n<html><body><p>El Instituto de Desarrollo Rural (IDR) present&oacute; la estimaci&oacute;n de la superficie hort&iacute;cola invernal cultivada en Mendoza en la temporada 2016. El informe presentado por t&eacute;cnicos del IDR, el subsecretario de Agricultura, Alfredo Aciar, y representantes de distintos organismos, arroja un crecimiento del 8% en la superficie implantada respecto al a&ntilde;o anterior, alcanzando las 13.615 hect&aacute;reas.<\/p>\n<p>El informe destaca que la zona Centro (Maip&uacute;, Guaymall&eacute;n y Luj&aacute;n de Cuyo) y el Valle de Uco (San Carlos, Tupungato y Tunuy&aacute;n) contin&uacute;an liderando la horticultura mendocina, con el 78 % del total de hect&aacute;reas de la provincia. En tanto, San Carlos, Maip&uacute;, Tupungato y Lavalle re&uacute;nen el 72 % de la superficie hort&iacute;cola invernal provincial.<\/p>\n<p>Adem&aacute;s, el gerente t&eacute;cnico del IDR, Alfredo Baroni, se&ntilde;al&oacute;: &ldquo;El ajo es la estrella de la horticultura mendocina&rdquo; en cantidad de producci&oacute;n, seguido por zanahoria y cebolla temprana, que alcanzan el 82% de la superficie hort&iacute;cola invernal total.<\/p>\n<p>El relevamiento destaca los incrementos en las superficies implantadas con&nbsp;ajo, zanahoria, lechuga, acelga, repollo y arveja dentro de las m&aacute;s importantes. Por el contrario, disminuyeron especies como la espinaca, papa y otras en general que incluyen al resto de las hortalizas cultivadas en superficies menores.<\/p>\n<p>En total, la superficie implantada con ajo para este per&iacute;odo en la provincia llega a 9.292 hect&aacute;reas y representa el 68 % de la superficie invernal del territorio provincial. En cuanto a la zanahoria, esta temporada alcanz&oacute; las 1.064 hect&aacute;reas, 4% superior a la temporada anterior.<\/p>\n<p>La cebolla, en sus variedades Valencianita y Torrentina, cubri&oacute; 919 hect&aacute;reas y se mantuvo en cifras similares a temporada pasadas. Mientras que la superficie con lechuga alcanz&oacute; las 578 hect&aacute;reas y aument&oacute; 61% respecto de la temporada anterior.<\/p>\n<p>&ldquo;El ajo es sumamente significativo en Mendoza, teniendo en cuenta que es la segunda provincia productora del pa&iacute;s&rdquo;, sostuvo Baroni. Al respecto,&nbsp;la estimaci&oacute;n de la superficie implantada con ajo para este a&ntilde;o marca un crecimiento del 11%, es decir unas 921 hect&aacute;reas m&aacute;s que el a&ntilde;o pasado, llegando a las 9.292.<\/p>\n<p>&ldquo;Si bien el crecimiento no fue tan grande, es positivo que sea as&iacute;, ya que el 2015 fue un a&ntilde;o de buenos precios y un exceso en la oferta podr&iacute;a hacer caer los precios&rdquo;, explic&oacute; Baroni.<\/p>\n<p>Las principales zonas de producci&oacute;n de ajo son el Valle de Uco y el Cintur&oacute;n Verde, que re&uacute;nen el 76% del total provincial. En t&eacute;rminos absolutos, los departamentos que m&aacute;s aportan son San Carlos Tupungato, Maip&uacute;, Tunuy&aacute;n y Lavalle.<\/p>\n<p>En comparaci&oacute;n con&nbsp;la temporada pasada se observan aumentos de la superficie con ajo en la zona Norte (Lavalle y Las Heras), en el Cintur&oacute;n Verde de la provincia y en el Valle de Uco. La zona Este (San Mart&iacute;n, Rivadavia, Jun&iacute;n, Santa Rosa y La Paz) se mantuvo, y la zona Sur (San Rafael, General&nbsp;Alvear y Malarg&uuml;e) disminuy&oacute; 15%.<\/p>\n<p>Por tipo comercial, el ajo morado increment&oacute; su superficie 82%. Los otros tipos (colorados, blancos criollos y blancos tempranos) disminuyeron su superficie.<\/p>\n<p>Por su parte, el subsecretario Aciar inst&oacute; a los productores, al IDR y dem&aacute;s organismos a trabajar articuladamente para avanzar en un plan estrat&eacute;gico hacia futuro, buscando diversificar los mercados, ya que hoy se concentra mayoritariamente en Brasil. &ldquo;Hay buenas se&ntilde;ales respecto de&nbsp;la apertura a nuevos mercados internacionales&rdquo;, sostuvo.<\/p>\n<p>El presidente de la Asociaci&oacute;n de Productores, Empacadores y Exportadores de Ajos, Cebollas y Afines de Mendoza (Asocam), Guillermo San Mart&iacute;n, se&ntilde;al&oacute; que &ldquo;hay mucha expectativa en el sector. El productor agropecuario es tratado como una pyme, con lo que puede acceder a los beneficios y alcances de la ley&rdquo;. En&nbsp;el encuentro participaron tambi&eacute;n representantes del INTA, el IDITS y ProMendoza.<\/p>\n<\/body><\/html>\n","protected":false},"excerpt":{"rendered":"La superficie sembrada con cultivos hort\u00edcolas alcanz\u00f3 13.615 hect\u00e1reas, es decir 8% m\u00e1s que el a\u00f1o anterior. El ajo, el cultivo hort\u00edcola m\u00e1s significativo, creci\u00f3 11%.","protected":false},"author":3,"featured_media":0,"comment_status":"open","ping_status":"open","sticky":false,"template":"","format":"standard","meta":[],"categories":[1],"tags":[],"_links":{"self":[{"href":"https:\/\/www.mendoza.gov.ar\/prensa\/wp-json\/wp\/v2\/posts\/65051"}],"collection":[{"href":"https:\/\/www.mendoza.gov.ar\/prensa\/wp-json\/wp\/v2\/posts"}],"about":[{"href":"https:\/\/www.mendoza.gov.ar\/prensa\/wp-json\/wp\/v2\/types\/post"}],"author":[{"embeddable":true,"href":"https:\/\/www.mendoza.gov.ar\/prensa\/wp-json\/wp\/v2\/users\/3"}],"replies":[{"embeddable":true,"href":"https:\/\/www.mendoza.gov.ar\/prensa\/wp-json\/wp\/v2\/comments?post=65051"}],"version-history":[{"count":0,"href":"https:\/\/www.mendoza.gov.ar\/prensa\/wp-json\/wp\/v2\/posts\/65051\/revisions"}],"wp:attachment":[{"href":"https:\/\/www.mendoza.gov.ar\/prensa\/wp-json\/wp\/v2\/media?parent=65051"}],"wp:term":[{"taxonomy":"category","embeddable":true,"href":"https:\/\/www.mendoza.gov.ar\/prensa\/wp-json\/wp\/v2\/categories?post=65051"},{"taxonomy":"post_tag","embeddable":true,"href":"https:\/\/www.mendoza.gov.ar\/prensa\/wp-json\/wp\/v2\/tags?post=65051"}],"curies":[{"name":"wp","href":"https:\/\/api.w.org\/{rel}","templated":true}]}}