{"id":65065,"date":"2016-08-29T21:20:33","date_gmt":"2016-08-30T00:20:33","guid":{"rendered":"http:\/\/prensa.mendoza.gov.ar\/?p=65065"},"modified":"2016-08-29T21:20:33","modified_gmt":"2016-08-30T00:20:33","slug":"cornejo-mendoza-necesita-buenos-policias-capacitados-entrenados-y-bien-liderados","status":"publish","type":"post","link":"https:\/\/www.mendoza.gov.ar\/prensa\/cornejo-mendoza-necesita-buenos-policias-capacitados-entrenados-y-bien-liderados\/","title":{"rendered":"Cornejo: \u201cMendoza necesita buenos polic\u00edas, capacitados, entrenados y bien liderados\u201d"},"content":{"rendered":"<!DOCTYPE html PUBLIC \"-\/\/W3C\/\/DTD HTML 4.0 Transitional\/\/EN\" \"http:\/\/www.w3.org\/TR\/REC-html40\/loose.dtd\">\n<html><body><p>El Gobernador Alfredo Cornejo puso en funciones hoy a 45 nuevos polic&iacute;as que se desempe&ntilde;ar&aacute;n en distintas tareas para combatir la inseguridad en los departamentos del Valle de Uco&nbsp; y present&oacute; los seis nuevos m&oacute;viles policiales inteligentes que se sumar&aacute;n al parque automotor de la comisar&iacute;a distrital de la zona.<\/p>\n<p>El acto se desarroll&oacute; en el Polideportivo Municipal Tunuy&aacute;n, con la presencia del intendente Mart&iacute;n Aveiro, sus pares de Tupungato, Gustavo Soto, y de San Carlos, Jorge Difonso; el ministro de Seguridad, Gianni Venier,; el jefe de Gabinete de esa cartera, Hugo S&aacute;nchez Pugliese, y el jefe de la Polic&iacute;a de Mendoza, Roberto Munives.<\/p>\n<p>Adem&aacute;s de comunicar la incorporaci&oacute;n de nuevos recursos humanos y t&eacute;cnicos para la regi&oacute;n, la visita de Cornejo al Valle de Uco tuvo como principal objetivo poner en marcha una serie de medidas para mejorar la eficiencia del accionar policial y que se replicar&aacute;n, paulatinamente,&nbsp; en el resto de la provincia.<\/p>\n<p>&ldquo;Mendoza necesita de buenos polic&iacute;as, capacitados, entrenados y bien liderados&rdquo;, enfatiz&oacute; Alfredo Cornejo, quien record&oacute; que el objetivo es restablecer la cadena de mandos en la Polic&iacute;a para que los jefes puedan sancionar a sus subalternos si es necesario.<\/p>\n<p><strong>Recursos mejor utilizados<\/strong><\/p>\n<p>Alfredo Cornejo dijo que &ldquo;hay muchos recursos que se est&aacute;n dilapidando, por eso se est&aacute;n unificando las fuerzas y avanzamos con esta nueva prueba piloto en el Valle de Uco, que ya ha dado buenas resultados tambi&eacute;n&nbsp; en la zona Sur. Queremos que los recursos no se malgasten y se optimicen al m&aacute;ximo&rdquo;, subray&oacute; el mandatario.<\/p>\n<p>&ldquo;Estamos cambiando varias instituciones judiciales. Una es el Ministerio P&uacute;blico y el acusatorio. El procurador tendr&aacute; una influencia decisiva en la persecuci&oacute;n del delito en este lugar&rdquo;, explic&oacute; el Gobernador, quien adem&aacute;s dijo que se est&aacute;n haciendo cambios en materia de recursos humanos que &ldquo;nos va a permitir que en el Valle de Uco se pase de 350 polic&iacute;as disponibles para el trabajo preventivo, a unos 700 o 750&rdquo;.<\/p>\n<p>Este aumento del recurso humano se debe a que todos los cuerpos de seguridad de la zona ser&aacute;n comandados por un comisario general.<\/p>\n<p><strong>Los polic&iacute;as del Valle de Uco trabajar&aacute;n en su zona<\/strong><\/p>\n<p>Cornejo explic&oacute; que el segundo elemento fuerte en el que se est&aacute; trabajando en asuntos de recursos humanos es que los polic&iacute;as que residen en Tunuy&aacute;n, Tupungato y San Carlos se quedar&aacute;n trabajando en el&nbsp; Valle de Uco.<\/p>\n<p>&ldquo;Se trata de un antiguo reclamo que hacen los intendentes y fundamentalmente la gente en particular&rdquo;, argument&oacute; Cornejo.<\/p>\n<p>En la suposici&oacute;n de que el polic&iacute;a deb&iacute;a prestar funciones en otro lugar para no tener v&iacute;nculos con quienes comet&iacute;an delitos en su lugar de origen, se los enviaba a otros sitios.<\/p>\n<p>Al respecto, el Gobernador dijo: &ldquo;Nosotros tenemos confianza en nuestros polic&iacute;as. Y si perdemos la confianza en alguno, all&iacute; est&aacute;n las sanciones para aplicarse&rdquo;.<\/p>\n<p>Esta pol&iacute;tica del Ejecutivo busca que quienes se formen en el Valle de Uco &ldquo;est&eacute;n trabajando en el Valle de Uco, porque conocen la idiosincrasia del lugar, los lugares, los parajes y pueden hacer mejor la distribuci&oacute;n de los recursos y de la infraestructura&rdquo;, sostuvo Cornejo.<\/p>\n<p><strong>El defensor del Polic&iacute;a<\/strong><\/p>\n<p>Cornejo record&oacute; que se sum&oacute; la figura de un defensor de la polic&iacute;a. &ldquo;Era habitual demandar a un polic&iacute;a en cualquier procedimiento y los polic&iacute;as ten&iacute;an miedo de actuar. El defensor del polic&iacute;a est&aacute; atento al accionar&rdquo;, explic&oacute; Cornejo, quien adem&aacute;s dio su punto de vista sobre la fuerza policial diciendo que &ldquo;la mayor&iacute;a&nbsp; de los polic&iacute;as son sanos, honestos, son como la sociedad en su conjunto. Son gente de bien, por eso tienen que sentirse orgullosos de estar en esta instituci&oacute;n tan cara a los sentimientos de Mendoza. Necesitamos una polic&iacute;a de prestigio&rdquo;.<\/p>\n<p>El Gobernador detall&oacute; otros aspectos que tienen que ver con el papel del polic&iacute;a en la sociedad, como el cambio en los planes de estudio, acorde a los cambios que se han introducido en las leyes provinciales.<\/p>\n<p><strong>La dignidad de los servidores p&uacute;blicos<\/strong><\/p>\n<p>Cornejo dijo que los polic&iacute;as j&oacute;venes deben sentir orgullo de la tarea que cumplen, y a sus jefes les pidi&oacute; mucha responsabilidad en la jefatura y el liderazgo.<\/p>\n<p>&ldquo;Les pido el extremo cuidado por sus subordinados pero tambi&eacute;n que nadie pierda el respeto por la profesi&oacute;n No dejarse vencer. Hay que exigir con autoridad y debemos dar el ejemplo&rdquo;, finaliz&oacute; el Gobernador.<\/p>\n<p><strong>C&oacute;mo se implementar&aacute;n las medidas en el Valle de Uco<\/strong><\/p>\n<p>La iniciativa&nbsp;contempla que todas las dependencias policiales se concentren bajo el mando de la Jefatura Distrital de Seguridad 4&nbsp;para evitar el desorden administrativo.<\/p>\n<p>En este sentido, el jefe de la departamental tendr&aacute; un control sobre el plano operativo y estrat&eacute;gico de todas las unidades y dependencias del departamento dejando de actuar como estructuras independientes.<\/p>\n<p>De esta manera, las jefaturas departamentales de San Carlos, Tunuy&aacute;n yTupungato tendr&aacute;n en su &oacute;rbita a la delegaci&oacute;n Vial, la Unidad Investigativa Departamental, la delegaci&oacute;n de Polic&iacute;a Cient&iacute;fica, la de Lucha Contra el Narcotr&aacute;fico, la subdelegaci&oacute;n de Bomberos, la subdelegaci&oacute;n Polic&iacute;a Rural, la subdelegaci&oacute;n de Cuerpos Especiales y al CEO (Centro Estrat&eacute;gico de Operaciones).<\/p>\n<p>La prueba piloto se implement&oacute; a fines de julio en el departamento de General Alvear.<\/p>\n<p>El ministro de Seguridad, Gianni Venier, dijo que despu&eacute;s de a&ntilde;os de estudio &ldquo;se ha llegado a la conclusi&oacute;n de que ten&iacute;amos que dar una respuesta a esta divisi&oacute;n que existe en la Polic&iacute;a de Mendoza, producto de una&nbsp; legislaci&oacute;n que dividi&oacute; a la fuerza en un sinn&uacute;mero de partes que termina complicando el diario ejercicio, la posibilidad de dar mando, la posibilidad de mantener una orden&rdquo;.<\/p>\n<p>&ldquo;A trav&eacute;s de un observatorio de seguridad ciudadana, manejado por el jefe de Gabinete Hugo S&aacute;nchez Pugliese, donde hemos contado con&nbsp; colaboraci&oacute;n profesional avalada por el Gobernador, empezamos a determinar el verdadero organigrama claro de la Polic&iacute;a de Mendoza&rdquo;, explic&oacute; Venier.<\/p>\n<p>&nbsp;<\/p>\n<\/body><\/html>\n","protected":false},"excerpt":{"rendered":"Lo expres\u00f3 el Gobernador en el acto en el que se implement\u00f3 la centralizaci\u00f3n de mando en el Valle de Uco. Las comisar\u00edas se concentrar\u00e1n bajo el mando de la Jefatura Distrital de Seguridad 4. El mandatario explic\u00f3 los objetivos en materia de seguridad, coordinando los avances legales y la optimizaci\u00f3n de los recursos humanos. ","protected":false},"author":3,"featured_media":65069,"comment_status":"open","ping_status":"open","sticky":false,"template":"","format":"standard","meta":[],"categories":[19],"tags":[],"_links":{"self":[{"href":"https:\/\/www.mendoza.gov.ar\/prensa\/wp-json\/wp\/v2\/posts\/65065"}],"collection":[{"href":"https:\/\/www.mendoza.gov.ar\/prensa\/wp-json\/wp\/v2\/posts"}],"about":[{"href":"https:\/\/www.mendoza.gov.ar\/prensa\/wp-json\/wp\/v2\/types\/post"}],"author":[{"embeddable":true,"href":"https:\/\/www.mendoza.gov.ar\/prensa\/wp-json\/wp\/v2\/users\/3"}],"replies":[{"embeddable":true,"href":"https:\/\/www.mendoza.gov.ar\/prensa\/wp-json\/wp\/v2\/comments?post=65065"}],"version-history":[{"count":0,"href":"https:\/\/www.mendoza.gov.ar\/prensa\/wp-json\/wp\/v2\/posts\/65065\/revisions"}],"wp:featuredmedia":[{"embeddable":true,"href":"https:\/\/www.mendoza.gov.ar\/prensa\/wp-json\/wp\/v2\/media\/65069"}],"wp:attachment":[{"href":"https:\/\/www.mendoza.gov.ar\/prensa\/wp-json\/wp\/v2\/media?parent=65065"}],"wp:term":[{"taxonomy":"category","embeddable":true,"href":"https:\/\/www.mendoza.gov.ar\/prensa\/wp-json\/wp\/v2\/categories?post=65065"},{"taxonomy":"post_tag","embeddable":true,"href":"https:\/\/www.mendoza.gov.ar\/prensa\/wp-json\/wp\/v2\/tags?post=65065"}],"curies":[{"name":"wp","href":"https:\/\/api.w.org\/{rel}","templated":true}]}}