{"id":65152,"date":"2016-08-30T14:57:33","date_gmt":"2016-08-30T17:57:33","guid":{"rendered":"http:\/\/prensa.mendoza.gov.ar\/?p=65152"},"modified":"2016-08-30T14:57:33","modified_gmt":"2016-08-30T17:57:33","slug":"ambiente-festejo-el-dia-del-nino-en-la-reserva-natural-de-telteca","status":"publish","type":"post","link":"https:\/\/www.mendoza.gov.ar\/prensa\/ambiente-festejo-el-dia-del-nino-en-la-reserva-natural-de-telteca\/","title":{"rendered":"Ambiente festej\u00f3 el D\u00eda del Ni\u00f1o en la reserva natural Bosque Telteca"},"content":{"rendered":"<!DOCTYPE html PUBLIC \"-\/\/W3C\/\/DTD HTML 4.0 Transitional\/\/EN\" \"http:\/\/www.w3.org\/TR\/REC-html40\/loose.dtd\">\n<html><body><p>Numerosas familias del departamento de Lavalle disfrutaron una jornada diferente con motivo del festejo de D&iacute;a del Ni&ntilde;o organizado por los guardaparques del &Aacute;rea Natural Protegida Bosque Telteca de la Secretar&iacute;a de Ambiente y Ordenamiento Territorial de la Provincia. La actividad forma parte de la pol&iacute;tica de extensi&oacute;n y vinculaci&oacute;n de la reserva con el medio social.<\/p>\n<p>Como se viene realizando desde hace varios a&ntilde;os, el personal de la Direcci&oacute;n de Recursos Naturales Renovables, junto a familias amigas y agrupaciones solidarias, convocaron a la poblaci&oacute;n originaria y rural, uniendo esfuerzos para facilitar el traslado de los invitados hasta el lugar.<\/p>\n<p>M&aacute;s de 250 personas participaron en el festejo, la mitad de ellas, ni&ntilde;os, todos pertenecientes a las comunidades que viven dentro del &aacute;rea de la reserva y zonas aleda&ntilde;as. Las actividades incluyeron juegos de anillos y embolsados, inflables, deportes (v&oacute;ley y f&uacute;tbol), sorteos con payasos, entrega de juguetes, merienda, y finaliz&oacute; con donaciones de ropa y calzado.<\/p>\n<p>La directora de Recursos Naturales, Mabel Chambouleyron, coment&oacute;: &ldquo;Estas actividades integradoras y culturales son un eje principal que vamos a trabajar en varias de nuestras reservas provinciales con la participaci&oacute;n de la gente de cada uno de los lugares. Es importante recordarles que las &aacute;reas protegidas son un espacio de todos los mendocinos y son ellos principalmente los que deben disfrutarlo&rdquo;.<\/p>\n<\/body><\/html>\n","protected":false},"excerpt":{"rendered":"Los guardaparques de la reserva del departamento de Lavalle organizaron actividades recreativas y entregaron donaciones y regalos.","protected":false},"author":3,"featured_media":65153,"comment_status":"open","ping_status":"open","sticky":false,"template":"","format":"standard","meta":[],"categories":[3],"tags":[],"_links":{"self":[{"href":"https:\/\/www.mendoza.gov.ar\/prensa\/wp-json\/wp\/v2\/posts\/65152"}],"collection":[{"href":"https:\/\/www.mendoza.gov.ar\/prensa\/wp-json\/wp\/v2\/posts"}],"about":[{"href":"https:\/\/www.mendoza.gov.ar\/prensa\/wp-json\/wp\/v2\/types\/post"}],"author":[{"embeddable":true,"href":"https:\/\/www.mendoza.gov.ar\/prensa\/wp-json\/wp\/v2\/users\/3"}],"replies":[{"embeddable":true,"href":"https:\/\/www.mendoza.gov.ar\/prensa\/wp-json\/wp\/v2\/comments?post=65152"}],"version-history":[{"count":0,"href":"https:\/\/www.mendoza.gov.ar\/prensa\/wp-json\/wp\/v2\/posts\/65152\/revisions"}],"wp:featuredmedia":[{"embeddable":true,"href":"https:\/\/www.mendoza.gov.ar\/prensa\/wp-json\/wp\/v2\/media\/65153"}],"wp:attachment":[{"href":"https:\/\/www.mendoza.gov.ar\/prensa\/wp-json\/wp\/v2\/media?parent=65152"}],"wp:term":[{"taxonomy":"category","embeddable":true,"href":"https:\/\/www.mendoza.gov.ar\/prensa\/wp-json\/wp\/v2\/categories?post=65152"},{"taxonomy":"post_tag","embeddable":true,"href":"https:\/\/www.mendoza.gov.ar\/prensa\/wp-json\/wp\/v2\/tags?post=65152"}],"curies":[{"name":"wp","href":"https:\/\/api.w.org\/{rel}","templated":true}]}}