{"id":65257,"date":"2016-08-31T13:23:44","date_gmt":"2016-08-31T16:23:44","guid":{"rendered":"http:\/\/prensa.mendoza.gov.ar\/?p=65257"},"modified":"2016-08-31T13:23:44","modified_gmt":"2016-08-31T16:23:44","slug":"cornejo-entrego-casas-a-31-familias-en-coquimbito-2","status":"publish","type":"post","link":"https:\/\/www.mendoza.gov.ar\/prensa\/cornejo-entrego-casas-a-31-familias-en-coquimbito-2\/","title":{"rendered":"Cornejo entreg\u00f3 casas a 31 familias en Coquimbito"},"content":{"rendered":"<!DOCTYPE html PUBLIC \"-\/\/W3C\/\/DTD HTML 4.0 Transitional\/\/EN\" \"http:\/\/www.w3.org\/TR\/REC-html40\/loose.dtd\">\n<html><body><p>Treinta y una&nbsp;familias beneficiarias del barrio Nuevo Siglo II recibieron las llaves de sus nuevas casas de manos del Gobernador Alfredo Cornejo;&nbsp;del&nbsp;intendente de Maip&uacute;, Alejandro Bermejo, y del presidente del Instituto Provincial de la Vivienda (IPV), Dami&aacute;n Salamone, entre otros funcionarios provinciales y municipales.<\/p>\n<p>Tras el corte de cinta y la bendici&oacute;n ecum&eacute;nica, los tres funcionarios se dirigieron al escritorio en donde esperaban ser entregadas las 31 llaves y carpetas correspondientes y desde all&iacute; les hablaron a los nuevos propietarios.<\/p>\n<p>&ldquo;Es el primer acto de entrega de viviendas al que vengo, aunque es el cuarto barrio que hemos podido terminar en mi gesti&oacute;n. No creo que haya muchos momentos, en la familia, m&aacute;s importantes que obtener una casa propia, pero las cosas se hacen con dinero y recursos y para eso hay que administrarlo bien&rdquo;, explic&oacute; el Gobernador.<\/p>\n<p>&ldquo;El costo de una vivienda promedio del IPV con urbanizaci&oacute;n es de 800 mil pesos por vivienda. S&oacute;lo un grupo muy minoritario de la sociedad puede acceder a pagar ese costo con&nbsp;financiaci&oacute;n privada. El 80% s&oacute;lo puede recurrir a este tipo de organizaci&oacute;n para construir la vivienda, donde el Estado tiene un peso muy grande&rdquo;, se&ntilde;al&oacute; Cornejo.<\/p>\n<p>En relaci&oacute;n&nbsp;con el accionar del IPV en la provincia destac&oacute;: &ldquo;Este sistema que ha sido bueno durante algunas d&eacute;cadas ha venido deterior&aacute;ndose en los &uacute;ltimos 12 a&ntilde;os. Ha hecho que cada vez hagamos menos viviendas con plazos m&aacute;s largos. Es nuestra obligaci&oacute;n reformular este sistema. Hay que empezar desde cero, organizando bien los recursos. Esto nos ha permitido hoy, y lo digo con mucho orgullo, que en estos pocos meses estemos al d&iacute;a con las empresas. Hoy estamos pagando con 30 d&iacute;as de retraso. Es un gran avance que hace muchos a&ntilde;os no ocurr&iacute;a en Mendoza&rdquo;.<\/p>\n<p>El mandatario indic&oacute;: &ldquo;Necesitamos buscar mejores mecanismos de financiamiento y necesitamos que baje la inflaci&oacute;n, que va licuando la cuota y que perjudica a quien est&aacute; esperando, porque no se hace el c&iacute;rculo virtuoso de que la gente paga y le est&aacute; financiando al otro que viene detr&aacute;s&rdquo;.<\/p>\n<p>&ldquo;Tener buena construcci&oacute;n de vivienda social permite tener mejor empleo y que la gente no est&eacute; esperando 30 a&ntilde;os para poder acceder a su casa propia. Y que en lugar de un promedio de 8.000 viviendas en los cuatro a&ntilde;os de gesti&oacute;n o 10 mil, podamos ir hacia las 18 o 20 mil viviendas que necesitar&iacute;amos hacer para poder ir mitigando el d&eacute;ficit habitacional grande que tenemos&rdquo;, finaliz&oacute; el primer mandatario.<\/p>\n<p>Por su parte, el intendente Bermejo expres&oacute;: &ldquo;Esta es la tarea que debe realizar el Estado. Hacer un sistema m&aacute;s &aacute;gil, en el que haya mejores posibilidades y oportunidades para el acceso a la vivienda propia. Esta es&nbsp;una tarea dif&iacute;cil, pero con un compromiso fuerte entre las pol&iacute;ticas nacionales, provinciales y municipales, puede ir revirti&eacute;ndose&rdquo;.<\/p>\n<p>Salamone habl&oacute; de un festejo compartido y del mandato del Gobernador. &ldquo;Hay mucha gente que tambi&eacute;n espera lograr la entrega de sus viviendas, por eso tenemos que doblar esfuerzos como Estado provincial y como Estado municipal. La forma de exigir una buena gesti&oacute;n municipal es pagando las tasas municipales y una forma de exigirnos a nosotros, como provincia, tambi&eacute;n es pagar las cuotas de la viviendas. De esta manera nos solidarizamos todos con estas familias que est&aacute;n, algunas con proyectos, otras con obras y otras por debajo de esa situaci&oacute;n&rdquo;, puntualiz&oacute;.<\/p>\n<p>El emprendimiento est&aacute; ubicado en las calles Mariano Moreno y Urquiza de Coquimbito, Maip&uacute;. Fue construido por la empresa Alef SRL, a trav&eacute;s del programa Reconversi&oacute;n del Plan Federal Plurianual de Construcci&oacute;n de viviendas,&nbsp;Fideicomiso Financiero,&nbsp;Segunda Serie.<\/p>\n<p><strong>Superficie cubierta y tipo de construcci&oacute;n<\/strong><\/p>\n<p>Las viviendas entregadas tienen&nbsp;57,61 m2 de superficie cubierta y alrededor de 200 metros cuadrados de superficie total.<\/p>\n<p>Son prototipos individuales (no apareados), realizados con sistema de construcci&oacute;n tradicional, es decir de mamposter&iacute;a de ladrill&oacute;n y estructura sismorresistente de hormig&oacute;n armado.<\/p>\n<p>Los techos son de losas macizas con aislaci&oacute;n t&eacute;rmica y membrana asf&aacute;ltica.<\/p>\n<p>Los muros al exterior, revocados y texturados pintados. Por el interior y sobre el revoque, se ejecut&oacute; enlucido de&nbsp;yeso.<\/p>\n<p>Los pisos son de cer&aacute;mico esmaltado y revestimiento cer&aacute;mico en ba&ntilde;o.<\/p>\n<p>La carpinter&iacute;a de la vivienda posee marcos y hojas corredizas de aluminio prepintado. Los marcos y hojas son de chapa en puertas de acceso y, en interiores, las hojas son de madera tipo placa en&nbsp;dormitorios y ba&ntilde;o.<\/p>\n<p>La cocina tiene&nbsp;&nbsp;revestimiento cer&aacute;mico en una altura de 0,60m sobre la mesada y en todo el largo de esta.<\/p>\n<p>Cuentan con la instalaci&oacute;n completa de agua caliente y fr&iacute;a. En la cocina, mesada con pileta y mezclador de agua. En el ba&ntilde;o, recept&aacute;culo de ducha, lavatorio, bidet e inodoro.<\/p>\n<p>Con respecto a la instalaci&oacute;n de gas esta se encuentra conectada a la red de gas natural con conexi&oacute;n de cocina, de calef&oacute;n y de calefactor (los artefactos de cocina, calefactor y calef&oacute;n termo tanque no son provistos por el IPV).<\/p>\n<p>La instalaci&oacute;n el&eacute;ctrica es de tipo de ca&ntilde;er&iacute;a embutida en muros, con las llaves y toma corrientes m&iacute;nimos exigidos por normas municipales y todos los elementos de seguridad exigidos en instalaciones domiciliarias.<\/p>\n<p><strong>Obras de urbanizaci&oacute;n<\/strong><\/p>\n<p>El emprendimiento cuenta con cunetas revestidas en hormig&oacute;n, cordones, banquinas, puentes peatonales, rampas en las esquinas, enripiado de calles y forestaci&oacute;n.<\/p>\n<p><strong>Obras de infraestructura<\/strong><\/p>\n<p>Se realizaron las redes de cloaca y gas. Las redes de agua y&nbsp; el&eacute;ctrica se ejecutaron por cuenta de la entidad.<\/p>\n<\/body><\/html>\n","protected":false},"excerpt":{"rendered":"Fue en el barrio Nuevo Siglo II, de Maip\u00fa. El Gobernador destac\u00f3 los avances en el pago de la deuda que se manten\u00eda con los proveedores del IPV, y habl\u00f3 de la necesidad de hacer m\u00e1s eficiente el sistema de financiaci\u00f3n.","protected":false},"author":3,"featured_media":65274,"comment_status":"open","ping_status":"open","sticky":false,"template":"","format":"standard","meta":[],"categories":[19],"tags":[],"_links":{"self":[{"href":"https:\/\/www.mendoza.gov.ar\/prensa\/wp-json\/wp\/v2\/posts\/65257"}],"collection":[{"href":"https:\/\/www.mendoza.gov.ar\/prensa\/wp-json\/wp\/v2\/posts"}],"about":[{"href":"https:\/\/www.mendoza.gov.ar\/prensa\/wp-json\/wp\/v2\/types\/post"}],"author":[{"embeddable":true,"href":"https:\/\/www.mendoza.gov.ar\/prensa\/wp-json\/wp\/v2\/users\/3"}],"replies":[{"embeddable":true,"href":"https:\/\/www.mendoza.gov.ar\/prensa\/wp-json\/wp\/v2\/comments?post=65257"}],"version-history":[{"count":0,"href":"https:\/\/www.mendoza.gov.ar\/prensa\/wp-json\/wp\/v2\/posts\/65257\/revisions"}],"wp:featuredmedia":[{"embeddable":true,"href":"https:\/\/www.mendoza.gov.ar\/prensa\/wp-json\/wp\/v2\/media\/65274"}],"wp:attachment":[{"href":"https:\/\/www.mendoza.gov.ar\/prensa\/wp-json\/wp\/v2\/media?parent=65257"}],"wp:term":[{"taxonomy":"category","embeddable":true,"href":"https:\/\/www.mendoza.gov.ar\/prensa\/wp-json\/wp\/v2\/categories?post=65257"},{"taxonomy":"post_tag","embeddable":true,"href":"https:\/\/www.mendoza.gov.ar\/prensa\/wp-json\/wp\/v2\/tags?post=65257"}],"curies":[{"name":"wp","href":"https:\/\/api.w.org\/{rel}","templated":true}]}}