{"id":65317,"date":"2016-09-02T11:16:53","date_gmt":"2016-09-02T14:16:53","guid":{"rendered":"http:\/\/prensa.mendoza.gov.ar\/?p=65317"},"modified":"2016-09-02T11:16:53","modified_gmt":"2016-09-02T14:16:53","slug":"el-fondo-solidario-agricola-se-pagaran-a-partir-del-2-de-septiembre","status":"publish","type":"post","link":"https:\/\/www.mendoza.gov.ar\/prensa\/el-fondo-solidario-agricola-se-pagaran-a-partir-del-2-de-septiembre\/","title":{"rendered":"El Fondo Compensador Agr\u00edcola se pagar\u00e1 a partir de hoy"},"content":{"rendered":"<!DOCTYPE html PUBLIC \"-\/\/W3C\/\/DTD HTML 4.0 Transitional\/\/EN\" \"http:\/\/www.w3.org\/TR\/REC-html40\/loose.dtd\">\n<html><body><p>Desde el pr&oacute;ximo 2 de setiembre estar&aacute; disponible la segunda cuota del Fondo Compensador Agr&iacute;cola, correspondiente a la temporada 2015-2016. Los productores que reciben el beneficio deben corroborar su d&iacute;a de cobro en las delegaciones de la Direcci&oacute;n de Agricultura Contingencias Clim&aacute;ticas.<\/p>\n<p>El pago ser&aacute; simult&aacute;neo en toda la provincia los d&iacute;as 2, 5 y 6 de setiembre y se realizar&aacute; a trav&eacute;s del Banco Superville. El desembolso est&aacute; dividido en tandas. Por este motivo, los beneficiarios deber&aacute;n acudir personalmente o comunicarse a las delegaciones que la Direcci&oacute;n de Agricultura y Contingencias Clim&aacute;ticas tiene en los departamentos.<\/p>\n<p><strong>Delegaciones<\/strong><\/p>\n<p>Delegaci&oacute;n Norte: Boulogne Sur Mer 3050, Mendoza Capital. Tel&eacute;fono 4413258\/66.<\/p>\n<p>Delegaci&oacute;n Este: Viamonte 1000, San Mart&iacute;n. Tel&eacute;fono 0263 4420365.<\/p>\n<p>Delegaci&oacute;n Centro: San Mart&iacute;n 1900, Tunuy&aacute;n. Tel&eacute;fono 02622 423036.<\/p>\n<p>Delegaci&oacute;n Sur: Alsina 445, San Rafael. Tel&eacute;fono 0260 4438052.<\/p>\n<p>Oficina General Alvear. Patricias Mendocinas 198. Tel&eacute;fono 0261 156988982<\/p>\n<p>Sucursales del Banco Superville habilitadas para el pago.<\/p>\n<p>Suc 66 &ndash; Mendoza Microcentro&nbsp; San Mart&iacute;n 841 (5500).<\/p>\n<p>SUC 68 &ndash; Guti&eacute;rrez. Maza 2181&nbsp; (5511).<\/p>\n<p>SUC 69 &ndash; San Mart&iacute;n. Balcarce 99 y Alvear (5570).<\/p>\n<p>SUC 73 &ndash; Tupungato. Belgrano 601 (5561).<\/p>\n<p>SUC 74 &ndash; Tunuy&aacute;n. San Mart&iacute;n 1010 (5560).<\/p>\n<p>SUC 76 &ndash; General Alvear. Alvear Oeste y Ameghino (5620).<\/p>\n<p>SUC 93 &ndash; Ca&ntilde;&oacute;n del Atuel Mitre 122 (5600) San Rafael.<\/p>\n<p>SUC 94 &ndash; Lujan de Cuyo. San Mart&iacute;n 565 (5507).<\/p>\n<p><strong>Segunda cuota<\/strong><\/p>\n<p>El desembolso que realizar&aacute; la Provincia para liquidar la segunda cuota del fondo compensatorio agr&iacute;cola es&nbsp;de $23.624.717. Esta cifra completa el pago total. La primera cuota se realiz&oacute; en mayo. La cifra completa supera los $46 millones.<\/p>\n<p>Los beneficiarios del pago son 1.777 productores de toda la provincia. Esta liquidaci&oacute;n completa las compensaciones adeudadas de la campa&ntilde;a 2015-2016.<\/p>\n<\/body><\/html>\n","protected":false},"excerpt":{"rendered":"Se trata de la segunda cuota de la temporada 2015-2016. Para saber la fecha de cobro, los beneficiarios deber\u00e1n acudir o llamar a las delegaciones de la Direcci\u00f3n Agricultura y Contingencias Clim\u00e1ticas.","protected":false},"author":3,"featured_media":0,"comment_status":"open","ping_status":"open","sticky":false,"template":"","format":"standard","meta":[],"categories":[1],"tags":[],"_links":{"self":[{"href":"https:\/\/www.mendoza.gov.ar\/prensa\/wp-json\/wp\/v2\/posts\/65317"}],"collection":[{"href":"https:\/\/www.mendoza.gov.ar\/prensa\/wp-json\/wp\/v2\/posts"}],"about":[{"href":"https:\/\/www.mendoza.gov.ar\/prensa\/wp-json\/wp\/v2\/types\/post"}],"author":[{"embeddable":true,"href":"https:\/\/www.mendoza.gov.ar\/prensa\/wp-json\/wp\/v2\/users\/3"}],"replies":[{"embeddable":true,"href":"https:\/\/www.mendoza.gov.ar\/prensa\/wp-json\/wp\/v2\/comments?post=65317"}],"version-history":[{"count":0,"href":"https:\/\/www.mendoza.gov.ar\/prensa\/wp-json\/wp\/v2\/posts\/65317\/revisions"}],"wp:attachment":[{"href":"https:\/\/www.mendoza.gov.ar\/prensa\/wp-json\/wp\/v2\/media?parent=65317"}],"wp:term":[{"taxonomy":"category","embeddable":true,"href":"https:\/\/www.mendoza.gov.ar\/prensa\/wp-json\/wp\/v2\/categories?post=65317"},{"taxonomy":"post_tag","embeddable":true,"href":"https:\/\/www.mendoza.gov.ar\/prensa\/wp-json\/wp\/v2\/tags?post=65317"}],"curies":[{"name":"wp","href":"https:\/\/api.w.org\/{rel}","templated":true}]}}