{"id":65427,"date":"2016-09-01T14:30:12","date_gmt":"2016-09-01T17:30:12","guid":{"rendered":"http:\/\/prensa.mendoza.gov.ar\/?p=65427"},"modified":"2016-09-01T14:30:12","modified_gmt":"2016-09-01T17:30:12","slug":"mendoza-adhiere-al-plan-federal-para-la-prevencion-asistencia-y-erradicacion-de-la-violencia-contra-las-mujeres","status":"publish","type":"post","link":"https:\/\/www.mendoza.gov.ar\/prensa\/mendoza-adhiere-al-plan-federal-para-la-prevencion-asistencia-y-erradicacion-de-la-violencia-contra-las-mujeres\/","title":{"rendered":"Mendoza adhiere al plan federal para la prevenci\u00f3n, asistencia y erradicaci\u00f3n de la violencia contra las mujeres"},"content":{"rendered":"<!DOCTYPE html PUBLIC \"-\/\/W3C\/\/DTD HTML 4.0 Transitional\/\/EN\" \"http:\/\/www.w3.org\/TR\/REC-html40\/loose.dtd\">\n<html><body><p>El Gobernador Alfredo Cornejo recibi&oacute; esta ma&ntilde;ana, junto a Silvina Anfuso, directora de G&eacute;nero y Diversidad del Ministerio de Salud, Desarrollo Social y Deportes, y Marcela Fern&aacute;ndez, subsecretaria de Desarrollo Social de la Provincia, a ocho&nbsp;legisladores nacionales y provinciales que presentaron el Plan de acci&oacute;n para la prevenci&oacute;n, asistencia y erradicaci&oacute;n de la violencia contra las mujeres 2017-2019. Los funcionarios firmaron un&nbsp;acta compromiso y, as&iacute;, Mendoza es la primera administraci&oacute;n provincial en unirse a esta importante acci&oacute;n.<\/p>\n<p>Este plan prev&eacute; que la Naci&oacute;n se encargue de las necesidades materiales y las capacitaciones del personal de acuerdo con&nbsp;los requerimientos locales, en tanto la Provincia se debe encargar de proporcionar el personal. &ldquo;Es un trabajo en conjunto que se realizar&aacute; con los municipios&rdquo;, explic&oacute; el Gobernador. A su vez,&nbsp;remarc&oacute;: &ldquo;Este proyecto es una inversi&oacute;n para erradicar la violencia&rdquo;.<\/p>\n<p>Mar&iacute;a Fabiana T&uacute;nez, presidenta nacional del Consejo de la Mujeres,&nbsp;manifest&oacute;: &ldquo;El plan es una deuda que se ten&iacute;a desde 2010, sobre la Ley 2485, que es la ley marco respecto de la violencia de g&eacute;nero&rdquo;, afirm&oacute;, y destac&oacute;: &ldquo;Esto viene a saldar una deuda en la manera en que la ley llega a la vida concreta de mujeres y ni&ntilde;os&rdquo;.<\/p>\n<p>El plan abarca programas de asistencia integral y reformas educativas. &ldquo;La protecci&oacute;n integral est&aacute; enmarcada en tobilleras electr&oacute;nicas para los agresores con medidas cautelares&nbsp;y en&nbsp;la construcci&oacute;n de 36 hogares de protecci&oacute;n integral&rdquo;, detall&oacute; la funcionaria.<\/p>\n<p>Asimismo, puntualiz&oacute;: &ldquo;Realmente son 69 medidas, 137 acciones que fundamentalmente son federales y esto es lo diferente de este plan, que va a funcionar desde Ushuaia hasta La Quiaca&rdquo;.<\/p>\n<p>Para finalizar, destac&oacute; el apoyo y compromiso que el Gobernador le ha dado a este plan y asegur&oacute; que se va a hacer mucho por Mendoza.<\/p>\n<p><a href=\"https:\/\/www.mendoza.gov.ar\/prensa\/wp-content\/uploads\/sites\/23\/aDSC_0061.jpg\"><img loading=\"lazy\" class=\"alignnone  wp-image-65434 img-responsive center-block\" src=\"https:\/\/www.mendoza.gov.ar\/prensa\/wp-content\/uploads\/sites\/23\/aDSC_0061.jpg\" alt=\"\" width=\"499\" height=\"303\"><\/a><\/p>\n<p><strong>El plan<\/strong><\/p>\n<ul>\n<li>Se compromete a la creaci&oacute;n y fortalecimiento de las &aacute;reas mujer local.<\/li>\n<li>Fortalecer las estad&iacute;sticas provinciales sobre la violencia contra las mujeres y contribuir a la consolidaci&oacute;n del sistema nacional estad&iacute;stico.<\/li>\n<li>Adecuar el plan nacional de acci&oacute;n 2017-19 a las necesidades espec&iacute;ficas de la provincia de Mendoza.<\/li>\n<\/ul>\n<p>El plan surge porque, desde la sanci&oacute;n de la Ley 26485 de Protecci&oacute;n Integral para prevenir, sancionar y erradicar la violencia contra las mujeres en los &aacute;mbitos en los que desarrolle sus relaciones interpersonales, el Estado ten&iacute;a una deuda:&nbsp;reglamentar las acciones y medidas que permitan abordar la problem&aacute;tica de manera estrat&eacute;gica e integral.<\/p>\n<p>Este plan permite sistematizar acciones y medidas, elaborar diagn&oacute;sticos, monitorear y evaluar el progreso de las l&iacute;neas de acci&oacute;n y articular con las provincia para alcanzar est&aacute;ndares de protecci&oacute;n y prevenci&oacute;n en todo el pa&iacute;s.<\/p>\n<p>Inicialmente, el plan prev&eacute; 69 medidas y 137 acciones en todo el pa&iacute;s para prevenir y asistir integralmente a las mujeres en situaci&oacute;n de violencia, coordinar con 50 instituciones y organismos p&uacute;blicos, una inversi&oacute;n de $750 millones, destinada a la construcci&oacute;n de 36 hogares de protecci&oacute;n integral en todo el pa&iacute;s.<\/p>\n<\/body><\/html>\n","protected":false},"excerpt":{"rendered":"Es pionera en el pa\u00eds. El Gobernador se reuni\u00f3 en su despacho con legisladores provinciales y nacionales, donde firm\u00f3 el acta compromiso.","protected":false},"author":3,"featured_media":65431,"comment_status":"open","ping_status":"open","sticky":false,"template":"","format":"standard","meta":[],"categories":[19],"tags":[],"_links":{"self":[{"href":"https:\/\/www.mendoza.gov.ar\/prensa\/wp-json\/wp\/v2\/posts\/65427"}],"collection":[{"href":"https:\/\/www.mendoza.gov.ar\/prensa\/wp-json\/wp\/v2\/posts"}],"about":[{"href":"https:\/\/www.mendoza.gov.ar\/prensa\/wp-json\/wp\/v2\/types\/post"}],"author":[{"embeddable":true,"href":"https:\/\/www.mendoza.gov.ar\/prensa\/wp-json\/wp\/v2\/users\/3"}],"replies":[{"embeddable":true,"href":"https:\/\/www.mendoza.gov.ar\/prensa\/wp-json\/wp\/v2\/comments?post=65427"}],"version-history":[{"count":0,"href":"https:\/\/www.mendoza.gov.ar\/prensa\/wp-json\/wp\/v2\/posts\/65427\/revisions"}],"wp:featuredmedia":[{"embeddable":true,"href":"https:\/\/www.mendoza.gov.ar\/prensa\/wp-json\/wp\/v2\/media\/65431"}],"wp:attachment":[{"href":"https:\/\/www.mendoza.gov.ar\/prensa\/wp-json\/wp\/v2\/media?parent=65427"}],"wp:term":[{"taxonomy":"category","embeddable":true,"href":"https:\/\/www.mendoza.gov.ar\/prensa\/wp-json\/wp\/v2\/categories?post=65427"},{"taxonomy":"post_tag","embeddable":true,"href":"https:\/\/www.mendoza.gov.ar\/prensa\/wp-json\/wp\/v2\/tags?post=65427"}],"curies":[{"name":"wp","href":"https:\/\/api.w.org\/{rel}","templated":true}]}}