{"id":65460,"date":"2016-09-01T14:48:48","date_gmt":"2016-09-01T17:48:48","guid":{"rendered":"http:\/\/prensa.mendoza.gov.ar\/?p=65460"},"modified":"2016-09-01T14:48:48","modified_gmt":"2016-09-01T17:48:48","slug":"mendoza-la-primera-provincia-en-adherir-al-plan-nacional-de-accion-para-erradicar-la-violencia-contra-las-mujeres","status":"publish","type":"post","link":"https:\/\/www.mendoza.gov.ar\/prensa\/mendoza-la-primera-provincia-en-adherir-al-plan-nacional-de-accion-para-erradicar-la-violencia-contra-las-mujeres\/","title":{"rendered":"Mendoza, la primera provincia en adherir al Plan Nacional de Acci\u00f3n para Erradicar la violencia contra las mujeres"},"content":{"rendered":"<!DOCTYPE html PUBLIC \"-\/\/W3C\/\/DTD HTML 4.0 Transitional\/\/EN\" \"http:\/\/www.w3.org\/TR\/REC-html40\/loose.dtd\">\n<html><body><p>La Legislatura provincial suma esfuerzos para generar conciencia en contra de la violencia de G&eacute;nero. Hoy, en el Sal&oacute;n de los Pasos Perdidos se present&oacute; el Plan Nacional de Acci&oacute;n para la Prevenci&oacute;n, Asistencia y Erradicaci&oacute;n de la Violencia contra las Mujeres. Adem&aacute;s se firm&oacute; el acta de compromiso, que instala a Mendoza como la primera provincia en adherir a la iniciativa lanzada por el Ejecutivo Nacional.<\/p>\n<p>La actividad cont&oacute; con la participaci&oacute;n de la vicegobernadora Laura Montero; el presidente de la C&aacute;mara de Diputados, N&eacute;stor Par&eacute;s; la presidenta del Consejo Nacional de Mujeres, Fabiana Tu&ntilde;ez; la parlamentaria del Mercosur, Mar&iacute;a Luisa Storani; y la subsecretaria del Consejo Nacional de las Mujeres, Silvia Lommi; el presidente Provisional del Senado, Juan Carlos Jaliff; entre otras autoridades.<\/p>\n<p>El plan que fue dado a conocer por el presidente Mauricio Macri en el mes de julio, cuenta con 69 medidas, 137 acciones detalladas para prevenir y asistir a mujeres en situaci&oacute;n de violencia de g&eacute;nero, a desarrollarse en tres a&ntilde;os, con un presupuesto inicial de 750 millones de pesos.<\/p>\n<p>La incorporaci&oacute;n de la perspectiva de g&eacute;nero en las curr&iacute;culas escolares, campa&ntilde;as de concientizaci&oacute;n masivas contra el maltrato, una red nacional de hogares de protecci&oacute;n a mujeres, ni&ntilde;as y ni&ntilde;os, tobilleras electr&oacute;nicas para maltratadores, acceso a microcr&eacute;ditos para las sobrevivientes del delito, son algunos de los ejes de la iniciativa.<br>\n &ldquo;Apenas asumimos la gesti&oacute;n, nos comprometimos los tres poderes del Estado en llevar adelante una agenda activa con el tema de equidad. Los tres ejes de trabajo que pusimos en pr&aacute;ctica fueron el abordaje a la problem&aacute;tica de violencia,  hacer efectivos los derechos y  proteger a las v&iacute;ctimas de violencia&rdquo;, expres&oacute; durante la apertura de la actividad la vicegobernadora Laura Montero. Y agreg&oacute;: &ldquo;Tal vez no tengamos todas las respuestas, pero lo principal es empezar a mirar objetivamente los problemas, no desde lo discursivo ni del relato, sino con instrumentos de pol&iacute;tica p&uacute;blica&rdquo;.<\/p>\n<p>Adem&aacute;s, la vicegobernadora precis&oacute; que desde el Poder Legislativo se est&aacute;n gestando proyectos que aborde al agresor: &ldquo;Cuando las mujeres son v&iacute;ctimas de violencia debe haber una red de protecci&oacute;n de la mujer, en la actualidad no existe una normativa que le indique c&oacute;mo actuar&rdquo;.<\/p>\n<p>Montero culmin&oacute; su discurso destacando: &ldquo;La mirada federal es la que nosotros tenemos que coordinar cooperativamente.  Nosotros tenemos que ser ejecutores de ese Plan Nacional, esta tarea nos compete a todos. La respuesta tiene que estar en cualquier lugar de nuestro territorio, yo celebro que se est&eacute; presentando esta iniciativa en nuestra provincia. Hemos empezado un camino y hay  que sumar la voluntad de todos, que no puede dejar a nadie afuera&rdquo;, puntualiz&oacute;.<br>\nPor su parte, el diputado N&eacute;stor Par&eacute;s cont&oacute; c&oacute;mo fue que se gest&oacute; el encuentro realizado hoy: &ldquo;Comenzamos a trabajar junto a la Gobernaci&oacute;n, a la Vicegobernaci&oacute;n y a las presidentas de las Comisiones de G&eacute;nero de ambas C&aacute;maras para armar estas jornadas ya que Mendoza merece tener un plan de acci&oacute;n para erradicar la violencia contra las mujeres&rdquo;, opin&oacute;.<br>\nPar&eacute;s destac&oacute; adem&aacute;s, que la conducci&oacute;n de la Casa de las Leyes est&eacute; a cargo de una mujer. &ldquo;Esto deja ver que nuestra Provincia les est&aacute; dando el espacio que se merecen&rdquo;.<\/p>\n<p>&ldquo;Estoy seguro que si todos colaboramos, vamos a poder llevar este plan a la pr&aacute;ctica. Es importante tambi&eacute;n que exista el compromiso de los municipios y de las distintas ONGs&rdquo;, dijo el presidente de Diputados.<\/p>\n<p>En  el acto, la parlamentaria del Mercosur, Mar&iacute;a Luisa Storani, expuso sobre la propuesta que se present&oacute; en Mendoza. &ldquo;Es muy importante traer el plan para que sea presentado ac&aacute; en Mendoza ya que esta provincia y esta nueva gesti&oacute;n nos abri&oacute; las posibilidades de brindar soluci&oacute;n a todas las demandas de g&eacute;nero que ven&iacute;amos planteando&rdquo;, afirm&oacute;.<br>\nStorani tambi&eacute;n puso en valor la figura de Montero: &ldquo;Demostr&oacute; en todo su trabajo legislativo en el Senado de la Naci&oacute;n, el compromiso con estos temas por eso para nosotras es un orgullo&rdquo;, dijo.<\/p>\n<p>La representante argentina en el Parlamento del Mercosur  explic&oacute; que la Ley de Protecci&oacute;n integral de las Mujeres, resultado del trabajo de m&aacute;s de un a&ntilde;o junto a las organizaciones sociales y audiencias p&uacute;blicas, fue copiada por Brasil y Uruguay&rdquo;. Luego de haber realizado este trabajo, le pedimos a la gesti&oacute;n anterior que asumiera este compromiso ante la cantidad de femicidios y muertes en la Argentina. Hoy en seis meses, esta nueva gesti&oacute;n present&oacute; el plan y eso me enorgullece como parte del movimiento de mujeres y como radical&rdquo;, coment&oacute;.<br>\nPor su parte, Fabiana Tu&ntilde;ez, presidenta del Consejo Nacional de Mujeres expuso: &ldquo;Se acaba de firmar el primer acta compromiso en Mendoza para poner en pr&aacute;ctica este plan. Obviamente este plan es federal y sin el compromiso de todas las provincias de realizar un trabajo articulado de todos los poderes del Estado, es imposible implementar este plan&rdquo;.<\/p>\n<p>Tu&ntilde;ez tambi&eacute;n habl&oacute; sobre la Marcha de Ni una menos, en la que la sociedad puso en el tapete un tema tan delicado como es el de las violencia que algunos hombres ejercer sobre las mujeres. Y expuso &ldquo;Luego de esta marcha la sociedad oblig&oacute; a la clase pol&iacute;tica a tomar cartas en el asunto y se puso en agenda ya que este es un tema de todos y todas&rdquo;.<br>\n&ldquo;Este plan va a tener un impacto directo en cada una de las Provincias y es importante conocerlo para saber qu&eacute; tipos de beneficios brinda a las mujeres que han sido violentadas, cu&aacute;les ser&aacute;n sus derechos, los programas y de qu&eacute; manera el Gobierno Nacional lo pondr&aacute; en pr&aacute;ctica&rdquo;, sostuvo la titular del Consejo.<\/p>\n<p>Finalmente, T&uacute;nez se refiri&oacute; a los contenidos que est&aacute;n incluidos en el proyecto. &ldquo;Ese plan tiene una mirada integral, transversal, interdisciplinaria y fundamentalmente federal que est&aacute; enmarcado en pactos y convenios internacionales y tambi&eacute;n con la agenda de desarrollo sostenible 2030, que es uno de los primeros compromisos de nuestro pa&iacute;s&rdquo;, explic&oacute;.<\/p>\n<\/body><\/html>\n","protected":false},"excerpt":{"rendered":"El acta compromiso se firm\u00f3 esta ma\u00f1ana en la Legislatura. El plan cuenta con 69 medidas y 137 acciones para prevenir y asistir a mujeres en situaci\u00f3n de violencia.  ","protected":false},"author":3,"featured_media":65461,"comment_status":"open","ping_status":"open","sticky":false,"template":"","format":"standard","meta":[],"categories":[1786],"tags":[],"_links":{"self":[{"href":"https:\/\/www.mendoza.gov.ar\/prensa\/wp-json\/wp\/v2\/posts\/65460"}],"collection":[{"href":"https:\/\/www.mendoza.gov.ar\/prensa\/wp-json\/wp\/v2\/posts"}],"about":[{"href":"https:\/\/www.mendoza.gov.ar\/prensa\/wp-json\/wp\/v2\/types\/post"}],"author":[{"embeddable":true,"href":"https:\/\/www.mendoza.gov.ar\/prensa\/wp-json\/wp\/v2\/users\/3"}],"replies":[{"embeddable":true,"href":"https:\/\/www.mendoza.gov.ar\/prensa\/wp-json\/wp\/v2\/comments?post=65460"}],"version-history":[{"count":0,"href":"https:\/\/www.mendoza.gov.ar\/prensa\/wp-json\/wp\/v2\/posts\/65460\/revisions"}],"wp:featuredmedia":[{"embeddable":true,"href":"https:\/\/www.mendoza.gov.ar\/prensa\/wp-json\/wp\/v2\/media\/65461"}],"wp:attachment":[{"href":"https:\/\/www.mendoza.gov.ar\/prensa\/wp-json\/wp\/v2\/media?parent=65460"}],"wp:term":[{"taxonomy":"category","embeddable":true,"href":"https:\/\/www.mendoza.gov.ar\/prensa\/wp-json\/wp\/v2\/categories?post=65460"},{"taxonomy":"post_tag","embeddable":true,"href":"https:\/\/www.mendoza.gov.ar\/prensa\/wp-json\/wp\/v2\/tags?post=65460"}],"curies":[{"name":"wp","href":"https:\/\/api.w.org\/{rel}","templated":true}]}}