{"id":65536,"date":"2016-09-02T09:16:49","date_gmt":"2016-09-02T12:16:49","guid":{"rendered":"http:\/\/prensa.mendoza.gov.ar\/?p=65536"},"modified":"2016-09-02T09:16:49","modified_gmt":"2016-09-02T12:16:49","slug":"realizaran-la-xv-jornada-provincial-de-enfermeria-de-osep","status":"publish","type":"post","link":"https:\/\/www.mendoza.gov.ar\/prensa\/realizaran-la-xv-jornada-provincial-de-enfermeria-de-osep\/","title":{"rendered":"Realizar\u00e1n la XV Jornada Provincial de Enfermer\u00eda de OSEP\u00a0"},"content":{"rendered":"<!DOCTYPE html PUBLIC \"-\/\/W3C\/\/DTD HTML 4.0 Transitional\/\/EN\" \"http:\/\/www.w3.org\/TR\/REC-html40\/loose.dtd\">\n<html><body><div>El viernes 9, se realizar&aacute; la XV Jornada Provincial de Enfermer&iacute;a de OSEP bajo el lema&nbsp;&ldquo;Integraci&oacute;n de la enfermer&iacute;a al servicio del paciente&rdquo;.<\/div>\n<div><\/div>\n<div>Se realizar&aacute; en la Sala Plumerillo del Centro de Congresos y Exposiciones, en Peltier 651 de ciudad.<\/div>\n<div><\/div>\n<div>Est&aacute; dirigido a todos los niveles de formaci&oacute;n del personal de Enfermer&iacute;a de la provincia y a estudiantes de la carrera de enfermer&iacute;a.<\/div>\n<div><\/div>\n<div>La inscripci&oacute;n es libre y gratuita y a quienes concurran se le entregar&aacute;n certificados.<\/div>\n<div><\/div>\n<div>Por informes e inscripci&oacute;n los interesados podr&aacute;n comunicarse al 4615083 de lunes a viernes, de 8 a 14 &nbsp;o por correo electr&oacute;nico a &nbsp;aselva.belvedresi@osep.mendoza.gov.ar<\/div>\n<div><\/div>\n<\/body><\/html>\n","protected":false},"excerpt":{"rendered":"Se realizar\u00e1 el viernes 9 y est\u00e1 dirigido a todos los niveles de formaci\u00f3n del personal de Enfermer\u00eda de la provincia y a estudiantes de la carrera de enfermer\u00eda.","protected":false},"author":3,"featured_media":65540,"comment_status":"open","ping_status":"open","sticky":false,"template":"","format":"standard","meta":[],"categories":[30],"tags":[],"_links":{"self":[{"href":"https:\/\/www.mendoza.gov.ar\/prensa\/wp-json\/wp\/v2\/posts\/65536"}],"collection":[{"href":"https:\/\/www.mendoza.gov.ar\/prensa\/wp-json\/wp\/v2\/posts"}],"about":[{"href":"https:\/\/www.mendoza.gov.ar\/prensa\/wp-json\/wp\/v2\/types\/post"}],"author":[{"embeddable":true,"href":"https:\/\/www.mendoza.gov.ar\/prensa\/wp-json\/wp\/v2\/users\/3"}],"replies":[{"embeddable":true,"href":"https:\/\/www.mendoza.gov.ar\/prensa\/wp-json\/wp\/v2\/comments?post=65536"}],"version-history":[{"count":0,"href":"https:\/\/www.mendoza.gov.ar\/prensa\/wp-json\/wp\/v2\/posts\/65536\/revisions"}],"wp:featuredmedia":[{"embeddable":true,"href":"https:\/\/www.mendoza.gov.ar\/prensa\/wp-json\/wp\/v2\/media\/65540"}],"wp:attachment":[{"href":"https:\/\/www.mendoza.gov.ar\/prensa\/wp-json\/wp\/v2\/media?parent=65536"}],"wp:term":[{"taxonomy":"category","embeddable":true,"href":"https:\/\/www.mendoza.gov.ar\/prensa\/wp-json\/wp\/v2\/categories?post=65536"},{"taxonomy":"post_tag","embeddable":true,"href":"https:\/\/www.mendoza.gov.ar\/prensa\/wp-json\/wp\/v2\/tags?post=65536"}],"curies":[{"name":"wp","href":"https:\/\/api.w.org\/{rel}","templated":true}]}}