{"id":65565,"date":"2016-09-02T13:07:25","date_gmt":"2016-09-02T16:07:25","guid":{"rendered":"http:\/\/prensa.mendoza.gov.ar\/?p=65565"},"modified":"2016-09-02T13:07:25","modified_gmt":"2016-09-02T16:07:25","slug":"cornejo-el-trabajo-en-conjunto-entre-lo-privado-y-lo-publico-es-lo-que-va-a-permitirnos-crecer-como-pais","status":"publish","type":"post","link":"https:\/\/www.mendoza.gov.ar\/prensa\/cornejo-el-trabajo-en-conjunto-entre-lo-privado-y-lo-publico-es-lo-que-va-a-permitirnos-crecer-como-pais\/","title":{"rendered":"Cornejo: \u201cEl trabajo en conjunto entre lo privado y lo p\u00fablico es lo que va a permitirnos crecer como pa\u00eds\u201d"},"content":{"rendered":"<!DOCTYPE html PUBLIC \"-\/\/W3C\/\/DTD HTML 4.0 Transitional\/\/EN\" \"http:\/\/www.w3.org\/TR\/REC-html40\/loose.dtd\">\n<html><body><p>El Gobernador Alfredo Cornejo, junto al gobernador de Salta Juan Manuel Urtubey, particip&oacute; del cierre del X Encuentro Nacional CONIN en el Auditorio de OSDE. Durante el encuentro, el mandatario local asegur&oacute; que &ldquo;el trabajo en conjunto entre lo privado y lo p&uacute;blico es lo que va a permitirnos crecer como pa&iacute;s&rdquo;.<\/p>\n<p>Explic&oacute; que en Mendoza se parte de un piso m&aacute;s alto en materia de desnutrici&oacute;n: la provincia tiene mejores promedios que Salta y que toda Argentina, por diferentes motivos: &ldquo;El primero: tenemos a CONIN;&nbsp;como segundo recurso, tenemos una red estatal que est&aacute; deteriorada pero es bastante superior a la de varias provincias argentinas. Por lo tanto, tenemos que recuperarla, sostenerla, armonizarla y eficientizarla&rdquo;.<\/p>\n<p>Cornejo afirm&oacute;: &ldquo;Es un orgullo para Mendoza tener a CONIN&rdquo;, y enfatiz&oacute;: &ldquo;En Argentina tenemos una inversi&oacute;n fuerte en materia social. Sin embargo, los resultados no son tan buenos. Cambiamos leyes pero los resultados no son como debieran. Hay un nivel de eficacia y eficiencia muy bajo en la inversi&oacute;n que est&aacute; haciendo el Estado&rdquo;. Luego asegur&oacute;: &ldquo;Me propongo que la inversi&oacute;n sea eficiente y eficaz, que logre sus objetivos y eliminar las restricciones que nos impiden avanzar&rdquo;.<\/p>\n<p>Por su parte, Urtubey agradeci&oacute; al presidente de CONIN, Abel Albino y a todo su equipo por el trabajo realizado en Salta. Desde la instalaci&oacute;n de CONIN&nbsp;en su provincia ha bajado 4 puntos las estad&iacute;sticas en desnutrici&oacute;n.<\/p>\n<p>&ldquo;Es un trabajo muy lindo el que estamos haciendo juntos, ya son varios centros CONIN&nbsp;que tenemos en Salta y estamos trabajando para que haya un centro en cada municipio&rdquo;, explicit&oacute; el funcionario norte&ntilde;o.<\/p>\n<p>En tanto, Abel Albino destac&oacute; que su organizaci&oacute;n es &oacute;rgano consultivo de Naciones Unidas y cit&oacute; en varias oportunidades el caso de Chile, que hace 40 a&ntilde;os, de la mano del m&eacute;dico Fernando Monckeberg, comenz&oacute; a trabajar en prevenci&oacute;n de desnutrici&oacute;n y a partir de ese trabajo revirtieron los &iacute;ndices de mortalidad infantil y de desnutrici&oacute;n de manera sorprendente.<\/p>\n<p>Tambi&eacute;n resalt&oacute; el inter&eacute;s demostrado por el gobernador salte&ntilde;o Uturbey, quien se interes&oacute; en llevar una experiencia piloto de CONIN&nbsp;a su provincia. &ldquo;Eso fue magn&iacute;fico, porque estamos replicando la obra gigantesca del profesor Monckeberg en esa provincia&rdquo;. Y acot&oacute;: &ldquo;No hay manera de superar el trabajo de ustedes, los pol&iacute;ticos deben darse cuenta de que quien haga de la lucha contra la desnutrici&oacute;n una pol&iacute;tica de Estado, se lleva los laureles&rdquo;.<\/p>\n<p>Para finalizar, enfatiz&oacute;: &ldquo;La principal riqueza de un pa&iacute;s es su recurso humano y si tiene su recurso humano da&ntilde;ado, ese pa&iacute;s no tiene futuro&rdquo;.<\/p>\n<p>Al congreso asistieron&nbsp;250 profesionales de m&aacute;s de 70 centros CONIN de la Argentina que se reunieron para potenciar su labor en la lucha contra la desnutrici&oacute;n infantil.<\/p>\n<p>Durante estas jornadas,&nbsp;los participantes compartieron experiencias, realizaron talleres y capacitaciones, potenciando el trabajo en equipo, la comunicaci&oacute;n y la formulaci&oacute;n de proyectos.<\/p>\n<p><strong>CONIN<\/strong><\/p>\n<p>En la actualidad, la familia CONIN atiende mensualmente en el pa&iacute;s a m&aacute;s de 4.500 ni&ntilde;os y a 3.500 madres, quienes d&iacute;a a d&iacute;a logran mejorar su calidad de vida gracias al afecto y al trabajo profesional guiado por una metodolog&iacute;a efectiva de prevenci&oacute;n de desnutrici&oacute;n infantil y promoci&oacute;n humana.<\/p>\n<p>CONIN se encuentra presente en 18 provincias de la Argentina y en la Ciudad de Buenos Aires. Existen tambi&eacute;n centros CONIN en Paraguay, Per&uacute; y Gambia (&Aacute;frica ecuatorial).<\/p>\n<p>&nbsp;<\/p>\n<p>&nbsp;<\/p>\n<\/body><\/html>\n","protected":false},"excerpt":{"rendered":"El Gobernador se refiri\u00f3 a los n\u00fameros de desnutrici\u00f3n en Mendoza y en el pa\u00eds. Destac\u00f3 la labor de CONIN y reafirm\u00f3 la necesidad de hacer m\u00e1s eficiente al Estado y mejorar la calidad de inversi\u00f3n.","protected":false},"author":3,"featured_media":65575,"comment_status":"open","ping_status":"open","sticky":false,"template":"","format":"standard","meta":[],"categories":[19],"tags":[],"_links":{"self":[{"href":"https:\/\/www.mendoza.gov.ar\/prensa\/wp-json\/wp\/v2\/posts\/65565"}],"collection":[{"href":"https:\/\/www.mendoza.gov.ar\/prensa\/wp-json\/wp\/v2\/posts"}],"about":[{"href":"https:\/\/www.mendoza.gov.ar\/prensa\/wp-json\/wp\/v2\/types\/post"}],"author":[{"embeddable":true,"href":"https:\/\/www.mendoza.gov.ar\/prensa\/wp-json\/wp\/v2\/users\/3"}],"replies":[{"embeddable":true,"href":"https:\/\/www.mendoza.gov.ar\/prensa\/wp-json\/wp\/v2\/comments?post=65565"}],"version-history":[{"count":0,"href":"https:\/\/www.mendoza.gov.ar\/prensa\/wp-json\/wp\/v2\/posts\/65565\/revisions"}],"wp:featuredmedia":[{"embeddable":true,"href":"https:\/\/www.mendoza.gov.ar\/prensa\/wp-json\/wp\/v2\/media\/65575"}],"wp:attachment":[{"href":"https:\/\/www.mendoza.gov.ar\/prensa\/wp-json\/wp\/v2\/media?parent=65565"}],"wp:term":[{"taxonomy":"category","embeddable":true,"href":"https:\/\/www.mendoza.gov.ar\/prensa\/wp-json\/wp\/v2\/categories?post=65565"},{"taxonomy":"post_tag","embeddable":true,"href":"https:\/\/www.mendoza.gov.ar\/prensa\/wp-json\/wp\/v2\/tags?post=65565"}],"curies":[{"name":"wp","href":"https:\/\/api.w.org\/{rel}","templated":true}]}}