{"id":65591,"date":"2016-09-02T16:02:05","date_gmt":"2016-09-02T19:02:05","guid":{"rendered":"http:\/\/prensa.mendoza.gov.ar\/?p=65591"},"modified":"2016-09-02T16:02:05","modified_gmt":"2016-09-02T19:02:05","slug":"mendoza-recibira-fondos-de-la-nacion-para-el-desarrollo-sostenible-en-zonas-aridas","status":"publish","type":"post","link":"https:\/\/www.mendoza.gov.ar\/prensa\/mendoza-recibira-fondos-de-la-nacion-para-el-desarrollo-sostenible-en-zonas-aridas\/","title":{"rendered":"Mendoza recibir\u00e1 fondos de la Naci\u00f3n para el desarrollo sostenible en zonas \u00e1ridas"},"content":{"rendered":"<!DOCTYPE html PUBLIC \"-\/\/W3C\/\/DTD HTML 4.0 Transitional\/\/EN\" \"http:\/\/www.w3.org\/TR\/REC-html40\/loose.dtd\">\n<html><body><p>La subsecretaria de Planificaci&oacute;n y Ordenamiento Territorial del Gobierno nacional, Dolores Duvergues; el director de Conservaci&oacute;n de Suelo, Octavio P&eacute;rez Pardo, y el secretario de Ambiente y Ordenamiento Territorial de Mendoza, Humberto Mingorance, firmaron hoy un acuerdo para avanzar en el manejo sustentable de las tierras en los ecosistemas &aacute;ridos, semi&aacute;ridos y subh&uacute;medos secos de la regi&oacute;n.<\/p>\n<p>Mediante el acuerdo, la Naci&oacute;n aportar&aacute; $4.257.000 para la implementaci&oacute;n y mejora de pr&aacute;cticas productivas en el Norte y Este del secano mendocino. El proyecto, que tendr&aacute; vigencia hasta agosto de 2019, involucrar&aacute; a peque&ntilde;os productores agr&iacute;colas y pecuarios, a diversas instituciones provinciales y nacionales, como tambi&eacute;n a organizaciones de sectores productivos y de pueblos originarios.<\/p>\n<p>Entre las pr&aacute;cticas que se implementar&aacute;n a partir del acuerdo, se destacan el manejo de agua y de los sistemas productivos agropecuarios; la conservaci&oacute;n y recuperaci&oacute;n de las especies arbustivas y le&ntilde;osas junto al manejo de pasturas por parte de familias de peque&ntilde;os productores.<\/p>\n<p>En el acto participaron tambi&eacute;n el jefe de Gabinete de la Secretar&iacute;a de Ambiente y Ordenamiento Territorial, Eduardo Sosa, y la directora de Recursos Naturales, Mabel Chambouleyron.<\/p>\n<\/body><\/html>\n","protected":false},"excerpt":{"rendered":"Son $4.257.000 para la implementaci\u00f3n y mejora de pr\u00e1cticas productivas en el Norte y Este del secano mendocino.","protected":false},"author":3,"featured_media":65592,"comment_status":"open","ping_status":"open","sticky":false,"template":"","format":"standard","meta":[],"categories":[3],"tags":[],"_links":{"self":[{"href":"https:\/\/www.mendoza.gov.ar\/prensa\/wp-json\/wp\/v2\/posts\/65591"}],"collection":[{"href":"https:\/\/www.mendoza.gov.ar\/prensa\/wp-json\/wp\/v2\/posts"}],"about":[{"href":"https:\/\/www.mendoza.gov.ar\/prensa\/wp-json\/wp\/v2\/types\/post"}],"author":[{"embeddable":true,"href":"https:\/\/www.mendoza.gov.ar\/prensa\/wp-json\/wp\/v2\/users\/3"}],"replies":[{"embeddable":true,"href":"https:\/\/www.mendoza.gov.ar\/prensa\/wp-json\/wp\/v2\/comments?post=65591"}],"version-history":[{"count":0,"href":"https:\/\/www.mendoza.gov.ar\/prensa\/wp-json\/wp\/v2\/posts\/65591\/revisions"}],"wp:featuredmedia":[{"embeddable":true,"href":"https:\/\/www.mendoza.gov.ar\/prensa\/wp-json\/wp\/v2\/media\/65592"}],"wp:attachment":[{"href":"https:\/\/www.mendoza.gov.ar\/prensa\/wp-json\/wp\/v2\/media?parent=65591"}],"wp:term":[{"taxonomy":"category","embeddable":true,"href":"https:\/\/www.mendoza.gov.ar\/prensa\/wp-json\/wp\/v2\/categories?post=65591"},{"taxonomy":"post_tag","embeddable":true,"href":"https:\/\/www.mendoza.gov.ar\/prensa\/wp-json\/wp\/v2\/tags?post=65591"}],"curies":[{"name":"wp","href":"https:\/\/api.w.org\/{rel}","templated":true}]}}