{"id":65672,"date":"2016-09-04T06:05:34","date_gmt":"2016-09-04T09:05:34","guid":{"rendered":"http:\/\/prensa.mendoza.gov.ar\/?p=65672"},"modified":"2016-09-04T06:05:34","modified_gmt":"2016-09-04T09:05:34","slug":"la-semana-que-promedia-desde-messi-hasta-la-entrega-de-viviendas-2","status":"publish","type":"post","link":"https:\/\/www.mendoza.gov.ar\/prensa\/la-semana-que-promedia-desde-messi-hasta-la-entrega-de-viviendas-2\/","title":{"rendered":"La semana que promedia: desde Messi hasta la entrega de viviendas"},"content":{"rendered":"<!DOCTYPE html PUBLIC \"-\/\/W3C\/\/DTD HTML 4.0 Transitional\/\/EN\" \"http:\/\/www.w3.org\/TR\/REC-html40\/loose.dtd\">\n<html><body><p>La Provincia tuvo una semana intensa con diversas actividades: desde la visita de la selecci&oacute;n nacional de f&uacute;tbol, con la presencia de Leonal Messi, hasta la entrega de casas en Maip&uacute;, as&iacute; como la decisi&oacute;n del Ejecutivo provincial de reactivar la bioplanta del Iscamen en Santa Rosa, la centralizaci&oacute;n del mando policial en el Valle de Uco, la inauguraci&oacute;n de dos escuelas especiales en Godoy Cruz y la asunci&oacute;n del nuevo procurador de la Corte. Adem&aacute;s, se entregaron tres&nbsp;nuevas ambulancias y se firm&oacute; un convenio con el gobernador de Salta, Juan Manuel Urtubey, para instrumentar la boleta &uacute;nica electr&oacute;nica en la provincia de Mendoza.<\/p>\n<p>El Gobernador Alfredo Cornejo puso su firma en la adhesi&oacute;n al Plan de acci&oacute;n para la prevenci&oacute;n, asistencia y erradicaci&oacute;n de la violencia contra las mujeres 2017-2019. De esta manera, Mendoza se convirti&oacute; en la primera provincia en unirse a esta importante acci&oacute;n. El proyecto es impulsado por la vicegobernadora, Laura Montero, legisladores nacionales y provinciales.<\/p>\n<p>La actividad que mantendr&aacute; ocupado al Gobernador Alfredo Cornejo la semana que viene ser&aacute; la&nbsp;primera Conferencia Mundial de Enoturismo. El mandatario fue elegido por el Gobierno nacional para representar al pa&iacute;s en esta misi&oacute;n que se realizar&aacute; en Georgia entre el 7 y 9 de setiembre, en la regi&oacute;n vitivin&iacute;cola de Kakheti, en&nbsp;Europa Oriental.<\/p>\n<p>Lo que motiv&oacute; la elecci&oacute;n del mandatario mendocino por parte de las autoridades nacionales es que Mendoza es una de las nueve grandes capitales del mundo del vino desde 2005 y es la primera provincia vitivin&iacute;cola del pa&iacute;s: produce el 70% del vino argentino, con&nbsp;el malbec como &nbsp;cepa estrella.<\/p>\n<p><strong>Argentina-Uruguay en Mendoza<\/strong><\/p>\n<p>El encuentro por las Eliminatorias al Mundial de Rusia 2018 entre Uruguay y Argentina convoc&oacute; a 42 mil personas al Estadio Malvinas Argentinas. El Gobernador disfrut&oacute; del espect&aacute;culo y cosech&oacute; elogios de la FIFA por el estado del estadio. El encuentro&nbsp;deportivo result&oacute; positivo para el turismo, la gastronom&iacute;a y la hoteler&iacute;a, tras la llegada de miles de visitantes.<\/p>\n<p><strong>Vivienda social y la necesidad de reformular el sistema de gesti&oacute;n<\/strong><\/p>\n<p>Las 31 casas entregadas en esta semana pertenecen al barrio Nuevo Siglo II, en Coquimbito, Maip&uacute;. Se trata de la cuarta entrega de viviendas realizada en la actual gesti&oacute;n. El Gobernador destac&oacute; la necesidad de reformular el sistema de gesti&oacute;n para la construcci&oacute;n de viviendas sociales. Reorganizar los recursos es la premisa y ya comienzan a verse los primeros resultados, como estar al d&iacute;a con las empresas. La meta propuesta es aumentar considerablemente la cantidad de viviendas para entregar a familias mendocinas.<\/p>\n<p><strong>Mosca del Mediterr&aacute;neo: recuperar la bioplanta<\/strong><\/p>\n<p>&ldquo;Queremos recuperar el estatus sanitario libre de mosca del Mediterr&aacute;neo, tanto en el Sur como en el Valle de Uco, para exportar nuestros productos como para comercializarlos en el mercado interno&rdquo;, indic&oacute; Cornejo al visitar la bioplanta del Iscamen en Santa Rosa. Hasta el lugar lleg&oacute; acompa&ntilde;ado por Laura Montero, quien fue la impulsora de la concreci&oacute;n de esta planta cuando era ministra de Econom&iacute;a de la provincia.<\/p>\n<p>Se trata de una pieza fundamental para el Programa de Erradicaci&oacute;n de la mosca del Mediterr&aacute;neo: es la quinta planta m&aacute;s grande del mundo y una de las primeras en Sudam&eacute;rica. En los &uacute;ltimos a&ntilde;os se ha deteriorado su equipamiento: hoy funciona al 40% y hacen falta dos maquinarias para que funcione al 100%. Las m&aacute;quinas cuestan cerca de&nbsp;200 mil d&oacute;lares y para financiarlas se buscar&aacute; inversiones externas.<\/p>\n<p><strong>Restablecer la cadena de mandos en la Polic&iacute;a<\/strong><\/p>\n<p>La centralizaci&oacute;n del mando policial en el Valle de Uco fue otra de las noticias destacadas de la semana. Las comisar&iacute;as se concentran bajo el mando de la Jefatura Distrital de Seguridad 4. Adem&aacute;s de poner en funciones a 45 polic&iacute;as y presentar 6 nuevos m&oacute;viles policiales inteligentes para el distrito, Cornejo&nbsp;explic&oacute; que apunta a poner en marcha una serie de medidas para mejorar la eficiencia del accionar policial que se replicar&aacute;n, paulatinamente, en el resto de la provincia.<\/p>\n<p>Uno de los pilares es restablecer la cadena de mandos en la Polic&iacute;a para que los jefes puedan sancionar a sus subalternos si es necesario. Tambi&eacute;n apunta a unificar las fuerzas y avanzar con esta nueva prueba piloto en el Valle de Uco, que ya ha dado buenos resultados tambi&eacute;n en la zona Sur. &nbsp;Junto a ello se apunta a cambiar varias instituciones judiciales, como el Ministerio P&uacute;blico y el acusatorio. Adem&aacute;s, las modificaciones&nbsp;en materia de recursos humanos permitir&aacute;n que en el Valle de Uco se pase de 350 polic&iacute;as disponibles para el trabajo preventivo, a unos 700 o 750.<\/p>\n<p><strong>Escuelas nuevas para educaci&oacute;n especial<\/strong><\/p>\n<p>En esta semana tambi&eacute;n se sumaron dos escuelas especiales: Fidela Maldonado de Cano y Artesanos Mendocinos en Godoy Cruz, que benefician a casi 150 alumnos con distintas discapacidades motrices y mentales. La obra demand&oacute; una inversi&oacute;n oficial de $18.500.000.<\/p>\n<p>Las dos instituciones ocuparon espacios con pocas comodidades para sus matr&iacute;culas, dado que sus alumnos padecen de discapacidades y necesitan aprender en sitios acordes y funcionales a sus complejidades motrices y mentales. Los proyectos de los edificios nuevos incluyeron espacios ideales para el desplazamiento y desenvolvimiento de los alumnos.<\/p>\n<p><strong>Boleta &uacute;nica electr&oacute;nica<\/strong><\/p>\n<p>El Gobernador Alfredo Cornejo, junto al gobernador de Salta, Juan Manuel Urtubey, firmaron un convenio marco de cooperaci&oacute;n para poder instrumentar la boleta &uacute;nica electr&oacute;nica en la provincia de Mendoza. Cornejo explic&oacute; que la Junta Electoral se encuentra evaluando la posibilidad de que los comicios que se realizar&aacute;n en Santa Rosa, para elegir intendentes a fin de a&ntilde;o estrenen el sistema.<\/p>\n<p>El sistema resuelve uno de los temas que se est&aacute;n discutiendo tanto en C&oacute;rdoba como en Santa Fe, que es el de la boleta &uacute;nica en lugar de la lista s&aacute;bana. La m&aacute;quina no guarda informaci&oacute;n porque s&oacute;lo est&aacute; programada para imprimir, tiene bater&iacute;a por 24 horas y es t&eacute;cnicamente imposible hackearla, porque no guarda informaci&oacute;n.<\/p>\n<p><strong>Mendoza adhiri&oacute; al plan federal para la prevenci&oacute;n, asistencia y erradicaci&oacute;n de la violencia contra las mujeres<\/strong><\/p>\n<p>Es la primera administraci&oacute;n provincial en unirse a esta importante acci&oacute;n. El Plan de acci&oacute;n para la prevenci&oacute;n, asistencia y erradicaci&oacute;n de la violencia contra las mujeres 2017-2019 es impulsado por la vicegobernadora, Laura Montero, legisladores nacionales y provinciales.<\/p>\n<p>La Naci&oacute;n se debe encargar de las necesidades materiales y las capacitaciones del personal de acuerdo con&nbsp;los requerimientos locales, en tanto la Provincia se debe encargar de proporcionar el personal.<\/p>\n<p><strong>M&aacute;s ambulancias<\/strong><\/p>\n<p>El Gobernador Alfredo Cornejo y el ministro de Salud, Desarrollo Social y Deportes, Rub&eacute;n Giacchi, entregaron tres ambulancias nuevas de traslado. Dos son de alta complejidad&nbsp;y est&aacute;n&nbsp;destinadas al Servicio Coordinado de Emergencias, mientras que la tercera cuenta con una terapia intensiva neonatal a bordo y quedar&aacute; a disposici&oacute;n del Hospital Pedi&aacute;trico Humberto Notti.<\/p>\n<\/body><\/html>\n","protected":false},"excerpt":{"rendered":"El Gobernador tuvo una agenda cargada de actividades esta semana. Fue elegido por el Gobierno nacional para representar a la Argentina en Europa oriental y dijo presente en el partido por las eliminatorias para el Mundial de Rusia 2018. Entreg\u00f3 casas en Maip\u00fa, recorri\u00f3 la bioplanta del Iscamen en Santa Rosa, inaugur\u00f3 dos escuelas en Godoy Cruz, anunci\u00f3 la centralizaci\u00f3n del mando policial en el Valle de Uco y le tom\u00f3 juramento a Gull\u00e9. Adem\u00e1s, junto a Laura Montero, adhiri\u00f3 al plan federal para erradicar la violencia contra las mujeres.","protected":false},"author":3,"featured_media":65680,"comment_status":"open","ping_status":"open","sticky":false,"template":"","format":"standard","meta":[],"categories":[19],"tags":[],"_links":{"self":[{"href":"https:\/\/www.mendoza.gov.ar\/prensa\/wp-json\/wp\/v2\/posts\/65672"}],"collection":[{"href":"https:\/\/www.mendoza.gov.ar\/prensa\/wp-json\/wp\/v2\/posts"}],"about":[{"href":"https:\/\/www.mendoza.gov.ar\/prensa\/wp-json\/wp\/v2\/types\/post"}],"author":[{"embeddable":true,"href":"https:\/\/www.mendoza.gov.ar\/prensa\/wp-json\/wp\/v2\/users\/3"}],"replies":[{"embeddable":true,"href":"https:\/\/www.mendoza.gov.ar\/prensa\/wp-json\/wp\/v2\/comments?post=65672"}],"version-history":[{"count":0,"href":"https:\/\/www.mendoza.gov.ar\/prensa\/wp-json\/wp\/v2\/posts\/65672\/revisions"}],"wp:featuredmedia":[{"embeddable":true,"href":"https:\/\/www.mendoza.gov.ar\/prensa\/wp-json\/wp\/v2\/media\/65680"}],"wp:attachment":[{"href":"https:\/\/www.mendoza.gov.ar\/prensa\/wp-json\/wp\/v2\/media?parent=65672"}],"wp:term":[{"taxonomy":"category","embeddable":true,"href":"https:\/\/www.mendoza.gov.ar\/prensa\/wp-json\/wp\/v2\/categories?post=65672"},{"taxonomy":"post_tag","embeddable":true,"href":"https:\/\/www.mendoza.gov.ar\/prensa\/wp-json\/wp\/v2\/tags?post=65672"}],"curies":[{"name":"wp","href":"https:\/\/api.w.org\/{rel}","templated":true}]}}