{"id":65794,"date":"2016-09-05T16:44:27","date_gmt":"2016-09-05T19:44:27","guid":{"rendered":"http:\/\/prensa.mendoza.gov.ar\/?p=65794"},"modified":"2016-09-05T16:44:27","modified_gmt":"2016-09-05T19:44:27","slug":"montero-y-vaquie-firmaron-convenio-con-cabrera-para-el-desarrollo-productivo-provincial","status":"publish","type":"post","link":"https:\/\/www.mendoza.gov.ar\/prensa\/montero-y-vaquie-firmaron-convenio-con-cabrera-para-el-desarrollo-productivo-provincial\/","title":{"rendered":"Montero y Vaqui\u00e9 firmaron un convenio con Cabrera para el desarrollo productivo provincial"},"content":{"rendered":"<!DOCTYPE html PUBLIC \"-\/\/W3C\/\/DTD HTML 4.0 Transitional\/\/EN\" \"http:\/\/www.w3.org\/TR\/REC-html40\/loose.dtd\">\n<html><body><p>La vicegobernadora Laura Montero y el ministro de Econom&iacute;a, Infraestructura y Energ&iacute;a, Enrique Vaqui&eacute;, recibieron esta ma&ntilde;ana al ministro de Producci&oacute;n de la Naci&oacute;n, Francisco Cabrera. Fue en el Sal&oacute;n Patricias Mendocinas de&nbsp;la&nbsp;Casa de Gobierno.&nbsp;En el encuentro estuvieron tambi&eacute;n &nbsp;legisladores nacionales por Mendoza, funcionarios provinciales y representantes de c&aacute;maras empresariales, entre otros.<\/p>\n<p>El objetivo de la reuni&oacute;n&nbsp;fue anunciar un paquete de medidas para impulsar el desarrollo productivo de Mendoza, centradas en el financiamiento para sectores productivos y el respaldo al crecimiento de pymes&nbsp;locales.<\/p>\n<p>Espec&iacute;ficamente para este sector, Cabrera anunci&oacute; la implementaci&oacute;n de la herramienta Fonapyme 1+1, para la cual la Naci&oacute;n y la Provincia aportar&aacute;n cada una $20 millones para formar un fondo de financiamiento, establecido previamente por la Provincia.<\/p>\n<p>Respecto de&nbsp;la importancia de esta l&iacute;nea, el ministro Cabrera sostuvo que las pymes&nbsp;son generadoras de empleos de calidad y consider&oacute; al financiamiento como uno de sus mayores obst&aacute;culos.<\/p>\n<p>Los montos de los cr&eacute;ditos van desde $100 mil a&nbsp;$1,5 millones, con una tasa de inter&eacute;s del 18% nominal anual, fija y en pesos, y un plazo de hasta 3 a&ntilde;os para su cancelaci&oacute;n.<\/p>\n<p>Tambi&eacute;n entreg&oacute;&nbsp;un Aporte No Reembolsable (ANR) por U$S251.905 a trav&eacute;s del Programa de Apoyo a la Competitividad (PAC) Conglomerados Productivos, para el fortalecimiento del Parque TIC Mendoza, proyecto que luego fue visitado por la comitiva nacional y&nbsp;autoridades provinciales.<\/p>\n<p>Sobre este proyecto, Laura Montero asegur&oacute;: &ldquo;Es un excelente ejemplo de lo que se puede hacer a partir de la articulaci&oacute;n entre lo p&uacute;blico y lo privado, adem&aacute;s de aportar a la generaci&oacute;n de empleo calificado&rdquo;.<\/p>\n<p>Adem&aacute;s, se otorg&oacute; otro ANR por $1.919.785 a trav&eacute;s del programa Sistemas Productivos Locales para el fortalecimiento de dos grupos de productores agr&iacute;colas locales a partir de la industrializaci&oacute;n de su producci&oacute;n. Se trata de la Cooperativa Agropecuaria &ldquo;Tierra Campesina&rdquo;, que destinar&aacute; $871.446 para la adquisici&oacute;n de equipamiento para la l&iacute;nea de elaboraci&oacute;n de tomate y n&eacute;ctares de frutas&#894; y el Grupo Asociativo de Productores Oliv&iacute;colas de San Rafael, que dispondr&aacute; de $1.048.339 para la puesta en marcha la l&iacute;nea de extracci&oacute;n de aceite de oliva, lo cual generar&aacute; empleo local y desarrollo para la regi&oacute;n.<\/p>\n<p>En relaci&oacute;n con el financiamiento que Mendoza est&aacute; buscando para el sector energ&eacute;tico, Vaqui&eacute; mencion&oacute;: &ldquo;Hoy estamos presentando en Buenos Aires 12 proyectos de energ&iacute;as renovables a la convocatoria RenovAr, los cuales son proyectos fotovoltaicos, e&oacute;licos e hidroel&eacute;ctricos&rdquo;.<\/p>\n<p>Por su parte, Cabrera tambi&eacute;n anunci&oacute; la apertura del Club Emprendedor de General Alvear, que proveer&aacute; un espacio f&iacute;sico de trabajo colaborativo e incubaci&oacute;n, y l&iacute;neas de financiamiento que cubren parte de los gastos en infraestructura, recursos humanos, difusi&oacute;n y realizaci&oacute;n de eventos.<\/p>\n<p>Asimismo, comunic&oacute; la implementaci&oacute;n en este mismo departamento sure&ntilde;o y en Godoy Cruz&nbsp;del programa Ciudades para Emprender,&nbsp;para el cual se avanzar&aacute; en el dise&ntilde;o de un plan de trabajo conjunto y participativo entre los gobiernos locales, otros actores que formen parte del ecosistema y la Subsecretar&iacute;a de Emprendedores de la Naci&oacute;n.<\/p>\n<p>Finalmente, se firmaron dos convenios marco de colaboraci&oacute;n y asistencia t&eacute;cnica. Uno, entre el Instituto de Tecnolog&iacute;a Industrial (INTI) y la Corporaci&oacute;n Vitivin&iacute;cola Argentina (Coviar), para implementar&nbsp;sistemas de gesti&oacute;n de calidad industrial en bodegas pyme, atendiendo inicialmente a peque&ntilde;as bodegas de granel y de vino envasado boutique. El restante, entre el INTI y el Instituto Provincial de Juegos y Casinos de Mendoza, para el desarrollo de un sistema de seguimiento&nbsp;de la informaci&oacute;n que genera el Casino para salas propias y de terceros buscando incrementar los ingresos de la Provincia.<\/p>\n<p>Acompa&ntilde;aron a Cabrera los secretarios de Industria y Servicios, Mart&iacute;n Etchegoyen&#894; de Integraci&oacute;n Productiva, Andr&eacute;s Boeninger, y de Emprendedores y pymes, Mariano Mayer&#894; el presidente del INTI, Javier Ib&aacute;&ntilde;ez; el titular del BICE, Pablo Garc&iacute;a;&nbsp;el subsecretario de Financiamiento, Alfredo Marseill&aacute;n, y el subsecretario de Integraci&oacute;n de Pol&iacute;ticas Productivas, Gustavo Perego.<\/p>\n<p>Por la provincia estuvieron presentes los legisladores nacionales Luis Petri, Susana Balbo y Julio Cobos, adem&aacute;s de representantes de c&aacute;maras empresarias, como Juan Viziana (UCIM), Adolfo Tr&iacute;podi (FEM), Hilda Wilhelm de Vaieretti (Coviar) y Rodolfo Giro (Polo TIC Mendoza), entre otros.<\/p>\n<p><strong>Los anuncios previos de la Mesa Provincial de Producci&oacute;n <\/strong><\/p>\n<p>En junio se realiz&oacute; en Mendoza la Mesa Provincial (una instancia previa al Gabinete Productivo realizado hoy), que reuni&oacute; a los equipos t&eacute;cnicos de Naci&oacute;n y Provincia, adem&aacute;s de referentes del sector privado. All&iacute; se definieron complejos productivos a priorizar: se trata de los sectores proveedores de energ&iacute;as renovables, agroindustrial, audiovisual, TIC, biotecnol&oacute;gico y foresto-industrial.<\/p>\n<p>En la mesa se anunci&oacute; un convenio entre el Banco de Inversi&oacute;n y Comercio Exterior (BICE) y el Fondo para la Transformaci&oacute;n y Crecimiento de Mendoza (FTyC) para bonificaci&oacute;n de tasas otorgada por el fondo sobre las l&iacute;neas crediticias de la entidad bancaria y la firma del PAC Audiovisual, que implic&oacute; un aporte de $2.490.509,52 para capacitaci&oacute;n y asistencia t&eacute;cnica de empresas.<\/p>\n<p>Adem&aacute;s, en el marco del Programa Pymes D del Plan Nacional de Dise&ntilde;o, se seleccionaron 10 empresas que recibir&aacute;n financiamiento por hasta $ 1.200.000 para costear consultor&iacute;a en incorporaci&oacute;n de dise&ntilde;o. Por &uacute;ltimo, tambi&eacute;n se suscribi&oacute; un convenio marco entre el INTI y Electromec&aacute;nica Bottino Hnos. SA, con el prop&oacute;sito de que el INTI preste asistencia t&eacute;cnica a EBHSA en el desarrollo de herramientas tecnol&oacute;gicas.<\/p>\n<p><strong>Visita al Mendoza TIC Parque Tecnol&oacute;gico<\/strong><\/p>\n<p>Luego del encuentro en el cuarto&nbsp;piso de la Casa de Gobierno, la comitiva nacional y provincial recorri&oacute; la obra del Parque TIC ubicado en el departamento de Godoy Cruz, el cual est&aacute; pensado para albergar 57 empresas privadas, cinco universidades, instituciones mixtas, el INTI local y el Ministerio de Econom&iacute;a provincial. Durante en esta visita tambi&eacute;n se conmemor&oacute;&nbsp;el D&iacute;a de la Industria, que se celebr&oacute; el 2 de setiembre.<\/p>\n<p>Las empresas que formar&aacute;n parte del Mendoza TIC Parque Tecnol&oacute;gico ser&aacute;n las dedicadas al desarrollo de <em>software, hardware,<\/em> inform&aacute;tica, electr&oacute;nica y telecomunicaci&oacute;n y convertir&aacute;n a la provincia de Mendoza en pionera del pa&iacute;s en este rubro.<\/p>\n<p>La obra consta de un edificio central de 3.700 m2. En sus cuatro plantas, incluir&aacute; espacios y servicios como recepci&oacute;n y hall central; salas multifunci&oacute;n y de capacitaci&oacute;n, oficinas para incubadoras y administraci&oacute;n;&nbsp; sala de servidores; bar, restaurante y cocina; oficinas de trabajo y gerenciales, y&nbsp;espacios de maestranza y sanitarios.<\/p>\n<p>El proyecto posee un avance del 62% y se estima que estar&aacute; terminado en febrero del a&ntilde;o pr&oacute;ximo.<\/p>\n<\/body><\/html>\n","protected":false},"excerpt":{"rendered":"El ministro de Producci\u00f3n de la Naci\u00f3n visit\u00f3 la provincia junto a su equipo de trabajo, firm\u00f3 convenios para financiamiento y visit\u00f3 el Mendoza TIC Parque Tecnol\u00f3gico.","protected":false},"author":3,"featured_media":65795,"comment_status":"open","ping_status":"open","sticky":false,"template":"","format":"standard","meta":[],"categories":[1],"tags":[],"_links":{"self":[{"href":"https:\/\/www.mendoza.gov.ar\/prensa\/wp-json\/wp\/v2\/posts\/65794"}],"collection":[{"href":"https:\/\/www.mendoza.gov.ar\/prensa\/wp-json\/wp\/v2\/posts"}],"about":[{"href":"https:\/\/www.mendoza.gov.ar\/prensa\/wp-json\/wp\/v2\/types\/post"}],"author":[{"embeddable":true,"href":"https:\/\/www.mendoza.gov.ar\/prensa\/wp-json\/wp\/v2\/users\/3"}],"replies":[{"embeddable":true,"href":"https:\/\/www.mendoza.gov.ar\/prensa\/wp-json\/wp\/v2\/comments?post=65794"}],"version-history":[{"count":0,"href":"https:\/\/www.mendoza.gov.ar\/prensa\/wp-json\/wp\/v2\/posts\/65794\/revisions"}],"wp:featuredmedia":[{"embeddable":true,"href":"https:\/\/www.mendoza.gov.ar\/prensa\/wp-json\/wp\/v2\/media\/65795"}],"wp:attachment":[{"href":"https:\/\/www.mendoza.gov.ar\/prensa\/wp-json\/wp\/v2\/media?parent=65794"}],"wp:term":[{"taxonomy":"category","embeddable":true,"href":"https:\/\/www.mendoza.gov.ar\/prensa\/wp-json\/wp\/v2\/categories?post=65794"},{"taxonomy":"post_tag","embeddable":true,"href":"https:\/\/www.mendoza.gov.ar\/prensa\/wp-json\/wp\/v2\/tags?post=65794"}],"curies":[{"name":"wp","href":"https:\/\/api.w.org\/{rel}","templated":true}]}}