{"id":65865,"date":"2016-09-06T11:56:15","date_gmt":"2016-09-06T14:56:15","guid":{"rendered":"http:\/\/prensa.mendoza.gov.ar\/?p=65865"},"modified":"2016-09-06T11:56:15","modified_gmt":"2016-09-06T14:56:15","slug":"osep-invita-a-participar-de-la-jornada-provincial-de-enfermeria","status":"publish","type":"post","link":"https:\/\/www.mendoza.gov.ar\/prensa\/osep-invita-a-participar-de-la-jornada-provincial-de-enfermeria\/","title":{"rendered":"OSEP\u00a0invita a participar de la Jornada Provincial de Enfermer\u00eda"},"content":{"rendered":"<!DOCTYPE html PUBLIC \"-\/\/W3C\/\/DTD HTML 4.0 Transitional\/\/EN\" \"http:\/\/www.w3.org\/TR\/REC-html40\/loose.dtd\">\n<html><body><p>La Jornada Provincial de Enfermer&iacute;a, organizada por la Obra Social de Empleados P&uacute;blicios (OSEP) se realizar&aacute; el viernes 9,&nbsp;de 8 a 18, en la Sala Plumerillo del Centro de Congreso y Exposiciones, ubicado en Peltier 651,&nbsp;Ciudad de Mendoza.<\/p>\n<p>Est&aacute; destinado a todos los niveles de formaci&oacute;n del personal de enfermer&iacute;a de la provincia y a estudiantes de la carreras de enfermer&iacute;a. Por tal motivo, todos los agentes de salud que se desempe&ntilde;en tanto en el &aacute;mbito privado como p&uacute;blico pueden participar.<\/p>\n<p>Como todo los a&ntilde;os, la OSEP elabora un temario acorde a las nuevas necesidades de los pacientes y el&nbsp;lema de la jornadas es la &ldquo;Integraci&oacute;n de la enfermer&iacute;a al servicio del paciente&rdquo;.<\/p>\n<p>El programa incluye&nbsp;los siguientes temas:<\/p>\n<ul>\n<li>Rol del enfermero en la atenci&oacute;n del paciente quir&uacute;rgico.<\/li>\n<li>Atenci&oacute;n al paciente con afecciones neurol&oacute;gicas.<\/li>\n<li>Importancia de la investigaci&oacute;n en el desarrollo profesional.<\/li>\n<li>Asistencia a pacientes pedi&aacute;tricos con afecciones respiratorias.<\/li>\n<li>Actualizaci&oacute;n en cuidados del reci&eacute;n nacido.<\/li>\n<\/ul>\n<p>La inscripci&oacute;n es gratuita y al finalizar la jornada se entregar&aacute; la certificaci&oacute;n correspondiente.<\/p>\n<p>Los interesados podr&aacute;n realizar su preinscripci&oacute;n a los siguientes correos electr&oacute;nicos:<br>\nalberto.lopez@osep.mendoza.gov.ar<br>\nmonica.monetti@osep.mendoza.gov.ar<br>\nselva.belvedresi@osep.mendoza.gov.ar<br>\nmarial.consoli@osep.mendoza.gov.ar<\/p>\n<p>Para m&aacute;s informaci&oacute;n, comunicarse al tel&eacute;fono 4615083 de lunes a viernes de 8 a 14.<\/p>\n<\/body><\/html>\n","protected":false},"excerpt":{"rendered":"El pr\u00f3ximo viernes 9, comenzar\u00e1n la XV Jornada Provincial de Enfermer\u00eda, organizada por la Obra Social de Empleados P\u00fablicos.","protected":false},"author":3,"featured_media":65540,"comment_status":"open","ping_status":"open","sticky":false,"template":"","format":"standard","meta":[],"categories":[30],"tags":[],"_links":{"self":[{"href":"https:\/\/www.mendoza.gov.ar\/prensa\/wp-json\/wp\/v2\/posts\/65865"}],"collection":[{"href":"https:\/\/www.mendoza.gov.ar\/prensa\/wp-json\/wp\/v2\/posts"}],"about":[{"href":"https:\/\/www.mendoza.gov.ar\/prensa\/wp-json\/wp\/v2\/types\/post"}],"author":[{"embeddable":true,"href":"https:\/\/www.mendoza.gov.ar\/prensa\/wp-json\/wp\/v2\/users\/3"}],"replies":[{"embeddable":true,"href":"https:\/\/www.mendoza.gov.ar\/prensa\/wp-json\/wp\/v2\/comments?post=65865"}],"version-history":[{"count":0,"href":"https:\/\/www.mendoza.gov.ar\/prensa\/wp-json\/wp\/v2\/posts\/65865\/revisions"}],"wp:featuredmedia":[{"embeddable":true,"href":"https:\/\/www.mendoza.gov.ar\/prensa\/wp-json\/wp\/v2\/media\/65540"}],"wp:attachment":[{"href":"https:\/\/www.mendoza.gov.ar\/prensa\/wp-json\/wp\/v2\/media?parent=65865"}],"wp:term":[{"taxonomy":"category","embeddable":true,"href":"https:\/\/www.mendoza.gov.ar\/prensa\/wp-json\/wp\/v2\/categories?post=65865"},{"taxonomy":"post_tag","embeddable":true,"href":"https:\/\/www.mendoza.gov.ar\/prensa\/wp-json\/wp\/v2\/tags?post=65865"}],"curies":[{"name":"wp","href":"https:\/\/api.w.org\/{rel}","templated":true}]}}