{"id":66032,"date":"2016-09-07T14:44:31","date_gmt":"2016-09-07T17:44:31","guid":{"rendered":"http:\/\/prensa.mendoza.gov.ar\/?p=66032"},"modified":"2016-09-07T14:44:31","modified_gmt":"2016-09-07T17:44:31","slug":"mendoza-se-posiciona-como-destino-enoturistico-en-georgia","status":"publish","type":"post","link":"https:\/\/www.mendoza.gov.ar\/prensa\/mendoza-se-posiciona-como-destino-enoturistico-en-georgia\/","title":{"rendered":"Mendoza se posiciona como destino enotur\u00edstico en Georgia"},"content":{"rendered":"<!DOCTYPE html PUBLIC \"-\/\/W3C\/\/DTD HTML 4.0 Transitional\/\/EN\" \"http:\/\/www.w3.org\/TR\/REC-html40\/loose.dtd\">\n<html><body><p>El Gobernador Alfredo Cornejo participa en&nbsp;la primera Conferencia Mundial de Enoturismo en la regi&oacute;n vitivin&iacute;cola de Kakheti, perteneciente a Georgia en Europa Oriental. La conferencia es organizada por la Organizaci&oacute;n Mundial del Turismo (OMT), instituci&oacute;n de la que Argentina es estado miembro desde 1975, en conjunto con la Administraci&oacute;n Nacional de Turismo de Georgia.<\/p>\n<p>El Gobernador est&aacute; acompa&ntilde;ado por Gabriel Fidel, presidente de la Fundaci&oacute;n ProMendoza, y por el director de Calidad y Servicios Tur&iacute;sticos del Ente Mendoza Turismo, Marcelo Reynoso.<\/p>\n<p>En&nbsp;la actividad adem&aacute;s participaron el primer ministro, Giorgi Kvirikashvili;&nbsp;el secretario general de la Organizaci&oacute;n Mundial del Turismo, Taleb Rifal; ministros de Econom&iacute;a de otros pa&iacute;ses, como Lituania, Rusia, Armenia, Canad&aacute;, EEUU, Espa&ntilde;a, Italia, Francia, Portugal y Sud&aacute;frica, ministros de turismo, autoridades y especialistas de todo el mundo.<\/p>\n<p>En esta primera jornada, el primer ministro agradeci&oacute; a Cornejo la visita y dijo que entiende que es una prioridad visitar Argentina y especialmente Mendoza, ya que es una de las regiones de vino m&aacute;s importantes del mundo.<\/p>\n<p>Por otro lado, el funcionario se interes&oacute; en profundizar el intercambio comercial entre ambos pa&iacute;ses y coment&oacute; que &ldquo;es importante porque ayuda a posicionar Mendoza como destino de enoturismo, al ser parte de una red global de la OMT&rdquo;.<\/p>\n<p>Argentina, a trav&eacute;s de la presencia de Alfredo Cornejo, es la &uacute;nica representaci&oacute;n latinoamericana en la Conferencia Mundial de Enoturismo.<\/p>\n<p><strong>Mendoza embajadora del vino a nivel internacional<\/strong><\/p>\n<p>Desde 2005, Mendoza es una de las nueve grandes capitales del mundo del vino. Es la primera provincia vitivin&iacute;cola del pa&iacute;s:&nbsp;produce&nbsp;el 70% del vino argentino, siendo el malbec la cepa estrella. Esto fue lo que motiv&oacute; la elecci&oacute;n del mandatario mendocino para participar en nombre del pa&iacute;s y que el viaje fuese costeado por la Naci&oacute;n.<\/p>\n<p>&nbsp;<\/p>\n<\/body><\/html>\n","protected":false},"excerpt":{"rendered":"Hoy comenz\u00f3 la primera Conferencia Mundial de Enoturismo en la regi\u00f3n vitivin\u00edcola de Kakheti, perteneciente a Georgia, en Europa Oriental. Participan el Gobernador Alfredo Cornejo representando a la Argentina, y el primer ministro de Georgia, Giorgi Kvirikashvili. ","protected":false},"author":3,"featured_media":66033,"comment_status":"open","ping_status":"open","sticky":false,"template":"","format":"standard","meta":[],"categories":[19],"tags":[],"_links":{"self":[{"href":"https:\/\/www.mendoza.gov.ar\/prensa\/wp-json\/wp\/v2\/posts\/66032"}],"collection":[{"href":"https:\/\/www.mendoza.gov.ar\/prensa\/wp-json\/wp\/v2\/posts"}],"about":[{"href":"https:\/\/www.mendoza.gov.ar\/prensa\/wp-json\/wp\/v2\/types\/post"}],"author":[{"embeddable":true,"href":"https:\/\/www.mendoza.gov.ar\/prensa\/wp-json\/wp\/v2\/users\/3"}],"replies":[{"embeddable":true,"href":"https:\/\/www.mendoza.gov.ar\/prensa\/wp-json\/wp\/v2\/comments?post=66032"}],"version-history":[{"count":0,"href":"https:\/\/www.mendoza.gov.ar\/prensa\/wp-json\/wp\/v2\/posts\/66032\/revisions"}],"wp:featuredmedia":[{"embeddable":true,"href":"https:\/\/www.mendoza.gov.ar\/prensa\/wp-json\/wp\/v2\/media\/66033"}],"wp:attachment":[{"href":"https:\/\/www.mendoza.gov.ar\/prensa\/wp-json\/wp\/v2\/media?parent=66032"}],"wp:term":[{"taxonomy":"category","embeddable":true,"href":"https:\/\/www.mendoza.gov.ar\/prensa\/wp-json\/wp\/v2\/categories?post=66032"},{"taxonomy":"post_tag","embeddable":true,"href":"https:\/\/www.mendoza.gov.ar\/prensa\/wp-json\/wp\/v2\/tags?post=66032"}],"curies":[{"name":"wp","href":"https:\/\/api.w.org\/{rel}","templated":true}]}}