{"id":66059,"date":"2016-09-08T08:02:17","date_gmt":"2016-09-08T11:02:17","guid":{"rendered":"http:\/\/prensa.mendoza.gov.ar\/?p=66059"},"modified":"2016-09-08T08:02:17","modified_gmt":"2016-09-08T11:02:17","slug":"osep-lujan-realiza-taller-de-estimulacion-de-la-memoria","status":"publish","type":"post","link":"https:\/\/www.mendoza.gov.ar\/prensa\/osep-lujan-realiza-taller-de-estimulacion-de-la-memoria\/","title":{"rendered":"OSEP Luj\u00e1n realiza taller de estimulaci\u00f3n de la memoria"},"content":{"rendered":"<!DOCTYPE html PUBLIC \"-\/\/W3C\/\/DTD HTML 4.0 Transitional\/\/EN\" \"http:\/\/www.w3.org\/TR\/REC-html40\/loose.dtd\">\n<html><body><div>En la sede de la Obra Social de Empleados P&uacute;blicos (OSEP) de Luj&aacute;n, comenz&oacute; el cuarto encuentro de los talleres de estimulaci&oacute;n cognitiva, atenci&oacute;n, percepci&oacute;n y concertaci&oacute;n, destinados a afiliados adultos mayores de 60 a&ntilde;os.<\/div>\n<div><\/div>\n<div>La actividad tiene como objetivo ejercitar la memoria&nbsp;y&nbsp;explorar las distintas funciones de nuestro cerebro para prevenir enfermedades cognitivas y el deterioro mental.<\/div>\n<div><\/div>\n<div>Este tipo de talleres est&aacute;n fuertemente impulsados por la obra social para que toda la poblaci&oacute;n de adultos mayores llegue a un envejecimiento saludable.<\/div>\n<div><\/div>\n<div>Las doctoras Marcela Bustamante y M&oacute;nica Olibano est&aacute;n a cargo del dictado e invitan al pr&oacute;ximo encuentro, que se realizar&aacute; el&nbsp;martes&nbsp;20, a las 18.45, en el SUM de la sede de Luj&aacute;n, ubicado en la calle Bustamante 456.<\/div>\n<div dir=\"ltr\"><\/div>\n<div dir=\"ltr\">Para mayor informaci&oacute;n, comunicarse al tel&eacute;fono 4986061.<\/div>\n<\/body><\/html>\n","protected":false},"excerpt":{"rendered":"Tiene como objetivo ejercitar la memoria y explorar las distintas funciones de nuestro cerebro para prevenir enfermedades cognitivas y deterioro mental. El pr\u00f3ximo encuentro se realizar\u00e1 el martes 20, a las 18.45, en Bustamante 456 de Luj\u00e1n","protected":false},"author":3,"featured_media":66060,"comment_status":"open","ping_status":"open","sticky":false,"template":"","format":"standard","meta":[],"categories":[30],"tags":[],"_links":{"self":[{"href":"https:\/\/www.mendoza.gov.ar\/prensa\/wp-json\/wp\/v2\/posts\/66059"}],"collection":[{"href":"https:\/\/www.mendoza.gov.ar\/prensa\/wp-json\/wp\/v2\/posts"}],"about":[{"href":"https:\/\/www.mendoza.gov.ar\/prensa\/wp-json\/wp\/v2\/types\/post"}],"author":[{"embeddable":true,"href":"https:\/\/www.mendoza.gov.ar\/prensa\/wp-json\/wp\/v2\/users\/3"}],"replies":[{"embeddable":true,"href":"https:\/\/www.mendoza.gov.ar\/prensa\/wp-json\/wp\/v2\/comments?post=66059"}],"version-history":[{"count":0,"href":"https:\/\/www.mendoza.gov.ar\/prensa\/wp-json\/wp\/v2\/posts\/66059\/revisions"}],"wp:featuredmedia":[{"embeddable":true,"href":"https:\/\/www.mendoza.gov.ar\/prensa\/wp-json\/wp\/v2\/media\/66060"}],"wp:attachment":[{"href":"https:\/\/www.mendoza.gov.ar\/prensa\/wp-json\/wp\/v2\/media?parent=66059"}],"wp:term":[{"taxonomy":"category","embeddable":true,"href":"https:\/\/www.mendoza.gov.ar\/prensa\/wp-json\/wp\/v2\/categories?post=66059"},{"taxonomy":"post_tag","embeddable":true,"href":"https:\/\/www.mendoza.gov.ar\/prensa\/wp-json\/wp\/v2\/tags?post=66059"}],"curies":[{"name":"wp","href":"https:\/\/api.w.org\/{rel}","templated":true}]}}