{"id":66091,"date":"2016-09-08T10:55:00","date_gmt":"2016-09-08T13:55:00","guid":{"rendered":"http:\/\/prensa.mendoza.gov.ar\/?p=66091"},"modified":"2016-09-08T10:55:00","modified_gmt":"2016-09-08T13:55:00","slug":"extienden-plazo-de-cobertura-del-fondo-compensador-agricola","status":"publish","type":"post","link":"https:\/\/www.mendoza.gov.ar\/prensa\/extienden-plazo-de-cobertura-del-fondo-compensador-agricola\/","title":{"rendered":"Extienden plazo de cobertura del Fondo Compensador Agr\u00edcola"},"content":{"rendered":"<!DOCTYPE html PUBLIC \"-\/\/W3C\/\/DTD HTML 4.0 Transitional\/\/EN\" \"http:\/\/www.w3.org\/TR\/REC-html40\/loose.dtd\">\n<html><body><div>\n<div>\n<div>\n<div>\n<div>\n<div>\n<div>\n<div>\n<div>\n<div>\n<div>Como respuesta a las heladas tempranas que ocurrieron en todos los oasis productivos de la provincia en los &uacute;ltimos d&iacute;as, la cartera econ&oacute;mica defini&oacute; poner como fecha de inicio de la cobertura del Fondo Compensador Agr&iacute;cola el 1 de setiembre pasado. De esta forma, los productores que se adhieran al sistema ser&aacute;n alcanzados por la iniciativa, que fue mejorada en su prima y en los plazos de cobro.<\/div>\n<\/div>\n<\/div>\n<\/div>\n<\/div>\n<\/div>\n<\/div>\n<\/div>\n<\/div>\n<\/div>\n<\/div>\n<div>\n<div dir=\"ltr\"><\/div>\n<div dir=\"ltr\">Hay que recordar que hasta ma&ntilde;ana, viernes 9, se podr&aacute; pagar la primera cuota del Fondo Compensador Agr&iacute;cola. Los interesados en adherirse al sistema deben dirigirse a las delegaciones y centros receptores de la Direcci&oacute;n de Agricultura y Contingencias Clim&aacute;ticas o descargar la factura del sitio <a href=\"https:\/\/www.mendoza.gov.ar\/contingencias\/\" target=\"_blank\">www.mendoza.gov.ar\/contingencias<\/a>.<\/div>\n<div><\/div>\n<div>El sistema s&oacute;lo brindar&aacute; cobertura a los afiliados que abonen las cuatro cuotas del pago, en tiempo y forma. La cancelaci&oacute;n tambi&eacute;n se puede realizar en un pago anual, a trav&eacute;s de esta modalidad, que vence el 9 de setiembre. El total del pago se abona con 5% de descuento.<\/div>\n<div><\/div>\n<div><strong>Fondo Compensador Agr&iacute;cola<\/strong><\/div>\n<div><\/div>\n<div>En la actual campa&ntilde;a se pondr&aacute; en pr&aacute;ctica un nuevo esquema del fondo compensador provincial. La primera diferencia es que se dividen las zonas productivas y seg&uacute;n esa clasificaci&oacute;n, se aplican distintos aportes. La otra variaci&oacute;n respecto de la modalidad anterior es la oferta de dos tipos de protecci&oacute;n: cobertura b&aacute;sica y cobertura ampliada.<\/div>\n<div><\/div>\n<div>En ese marco, los adheridos al Fondo Compensador del oasis Norte-Centro (Lavalle, Maip&uacute;, Las Heras, Godoy Cruz, Luj&aacute;n de Cuyo, Guaymall&eacute;n, Tunuy&aacute;n, Tupungato y San Carlos) abonar&aacute;n $400 por hect&aacute;rea, en la cobertura b&aacute;sica y hasta $600, si eligen la cobertura ampliada.<\/div>\n<div><\/div>\n<div>Los del oasis Este (La Paz, Santa Rosa, San Mart&iacute;n, Rivadavia y Jun&iacute;n) abonar&aacute;n $500 por hect&aacute;rea si eligen la cobertura b&aacute;sica y hasta $1.000 si optan por la cobertura ampliada. En tanto, los adherentes del oasis Sur (San Rafael y General Alvear) pagar&aacute;n $600 por hect&aacute;rea en la modalidad b&aacute;sica y hasta $1.800 en la cobertura ampliada.<\/div>\n<div><\/div>\n<div>Respecto de las compensaciones de la modalidad b&aacute;sica, en el caso de heladas, el sistema cubre hasta 10 hect&aacute;reas con un monto de $8.500 por cada una, si la p&eacute;rdida es total. En el caso del granizo, el r&eacute;gimen no pone l&iacute;mites de superficie y el pago, si los da&ntilde;os son totales, es de $8.500 por hect&aacute;rea.<\/div>\n<div><\/div>\n<div dir=\"ltr\">En cuanto a la cobertura ampliada, que est&aacute; destinada a cultivos de vid, olivo, manzano, cerezo, nogal y almendro, en caso de heladas, el Fondo Compensador cubre hasta 20 hect&aacute;reas con compensaciones de $12.500 por hect&aacute;rea, si hay p&eacute;rdida total. En el caso del granizo, no hay l&iacute;mite de superficie y el pago por hect&aacute;rea es de $12.500 si el da&ntilde;o en el cultivo es total.<\/div>\n<\/div>\n<\/body><\/html>\n","protected":false},"excerpt":{"rendered":"Debido a las heladas tempranas, el Ministerio de Econom\u00eda, Infraestructura y Energ\u00eda ampli\u00f3 al 1 de setiembre la vigencia del seguro. Hasta el viernes 9, se puede abonar la primer cuota.","protected":false},"author":3,"featured_media":66092,"comment_status":"open","ping_status":"open","sticky":false,"template":"","format":"standard","meta":[],"categories":[1],"tags":[],"_links":{"self":[{"href":"https:\/\/www.mendoza.gov.ar\/prensa\/wp-json\/wp\/v2\/posts\/66091"}],"collection":[{"href":"https:\/\/www.mendoza.gov.ar\/prensa\/wp-json\/wp\/v2\/posts"}],"about":[{"href":"https:\/\/www.mendoza.gov.ar\/prensa\/wp-json\/wp\/v2\/types\/post"}],"author":[{"embeddable":true,"href":"https:\/\/www.mendoza.gov.ar\/prensa\/wp-json\/wp\/v2\/users\/3"}],"replies":[{"embeddable":true,"href":"https:\/\/www.mendoza.gov.ar\/prensa\/wp-json\/wp\/v2\/comments?post=66091"}],"version-history":[{"count":0,"href":"https:\/\/www.mendoza.gov.ar\/prensa\/wp-json\/wp\/v2\/posts\/66091\/revisions"}],"wp:featuredmedia":[{"embeddable":true,"href":"https:\/\/www.mendoza.gov.ar\/prensa\/wp-json\/wp\/v2\/media\/66092"}],"wp:attachment":[{"href":"https:\/\/www.mendoza.gov.ar\/prensa\/wp-json\/wp\/v2\/media?parent=66091"}],"wp:term":[{"taxonomy":"category","embeddable":true,"href":"https:\/\/www.mendoza.gov.ar\/prensa\/wp-json\/wp\/v2\/categories?post=66091"},{"taxonomy":"post_tag","embeddable":true,"href":"https:\/\/www.mendoza.gov.ar\/prensa\/wp-json\/wp\/v2\/tags?post=66091"}],"curies":[{"name":"wp","href":"https:\/\/api.w.org\/{rel}","templated":true}]}}