{"id":66103,"date":"2016-09-08T14:50:47","date_gmt":"2016-09-08T17:50:47","guid":{"rendered":"http:\/\/prensa.mendoza.gov.ar\/?p=66103"},"modified":"2016-09-08T14:50:47","modified_gmt":"2016-09-08T17:50:47","slug":"jornadas-de-prevencion-para-la-conservacion-de-los-recursos-naturales-en-la-zona-este","status":"publish","type":"post","link":"https:\/\/www.mendoza.gov.ar\/prensa\/jornadas-de-prevencion-para-la-conservacion-de-los-recursos-naturales-en-la-zona-este\/","title":{"rendered":"Jornadas de prevenci\u00f3n para la conservaci\u00f3n de los recursos naturales en la zona Este"},"content":{"rendered":"<!DOCTYPE html PUBLIC \"-\/\/W3C\/\/DTD HTML 4.0 Transitional\/\/EN\" \"http:\/\/www.w3.org\/TR\/REC-html40\/loose.dtd\">\n<html><body><p>La Delegaci&oacute;n de Recursos Naturales Renovables Zona Este participar&aacute; de la XVII Jornada de Actualizaci&oacute;n Ganadera, que se llevar&aacute; a cabo el 9 y 10 de septiembre, en el predio Ferial Agro-Ganadero en La Paz. T&eacute;cnicos&nbsp; de la repartici&oacute;n expondr&aacute;n el pr&oacute;ximo viernes, a las 10.30, sobre &nbsp;las tareas que realiza la Delegaci&oacute;n y sobre diferentes acciones de conservaci&oacute;n en las &Aacute;reas Naturales Protegidas.<\/p>\n<p>Simult&aacute;neamente, se plantar&aacute;n 100 forestales en el predio donde se realizar&aacute; el encuentro y se entregar&aacute; material informativo .<\/p>\n<p><strong>&nbsp;<\/strong><strong>Jornadas en <\/strong><strong>Santa Rosa<\/strong><\/p>\n<p>Una acci&oacute;n similar a la que se desarrollar&aacute; el pr&oacute;ximo fin de semana en La Paz, tuvo lugar en Las Catitas, Santa Rosa.<\/p>\n<p>En conjunto con el municipio,&nbsp; la Delegaci&oacute;n de Recursos Naturales de la Zona Este&nbsp; desarroll&oacute; <em>la <\/em>&ldquo;I Jornada de Concientizaci&oacute;n sobre Nuestros Recursos Naturales y la Prevenci&oacute;n de Incendios Forestales&rdquo;&nbsp; que convoc&oacute; a los principales actores y organismos relacionados con la tarea ambiental a nivel local.<\/p>\n<p>Durante la jornada, &nbsp;personal de la Delegaci&oacute;n dieron detalles sobre &nbsp;la tarea que desarrolla el &aacute;rea y guardaparques de la Reserva Natural Bi&oacute;sfera &Ntilde;acu&ntilde;&aacute;n &nbsp;expusieron sobre&nbsp; la prevenci&oacute;n de incendios forestales y conservaci&oacute;n de la Reserva&rdquo;<\/p>\n<p>Estuvieron presentes la intendente de Santa Rosa, Norma Trigo, y referentes de los principales organismos vinculados a la conservaci&oacute;n de los recursos naturales, como el personal municipal; &nbsp;t&eacute;cnicos &nbsp;del INTA y de la Direcci&oacute;n Provincial de Ganader&iacute;a; &nbsp;docentes ; representantes &nbsp;de EDESTE, efectivos de la Subcomisaria de Las Catitas; personal &nbsp;del Departamento General de Irrigaci&oacute;n; agentes de Salud; guardaparques de &Ntilde;acu&ntilde;&aacute;n; personal del Plan Provincial de Manejo del Fuegoy representantes de Agrupaciones Gauchas, entre otros.<\/p>\n<p>&nbsp;<\/p>\n<\/body><\/html>\n","protected":false},"excerpt":{"rendered":"Forman parte de una acci\u00f3n interinstitucional de difusi\u00f3n y prevenci\u00f3n que desarrolla la Direcci\u00f3n de Recursos Naturales Renovables en los distintos puntos de la provincia. Tiene como objetivo fortalecer la conciencia socio-ambiental en base a paradigmas de sostenibilidad.","protected":false},"author":3,"featured_media":0,"comment_status":"open","ping_status":"open","sticky":false,"template":"","format":"standard","meta":[],"categories":[3],"tags":[],"_links":{"self":[{"href":"https:\/\/www.mendoza.gov.ar\/prensa\/wp-json\/wp\/v2\/posts\/66103"}],"collection":[{"href":"https:\/\/www.mendoza.gov.ar\/prensa\/wp-json\/wp\/v2\/posts"}],"about":[{"href":"https:\/\/www.mendoza.gov.ar\/prensa\/wp-json\/wp\/v2\/types\/post"}],"author":[{"embeddable":true,"href":"https:\/\/www.mendoza.gov.ar\/prensa\/wp-json\/wp\/v2\/users\/3"}],"replies":[{"embeddable":true,"href":"https:\/\/www.mendoza.gov.ar\/prensa\/wp-json\/wp\/v2\/comments?post=66103"}],"version-history":[{"count":0,"href":"https:\/\/www.mendoza.gov.ar\/prensa\/wp-json\/wp\/v2\/posts\/66103\/revisions"}],"wp:attachment":[{"href":"https:\/\/www.mendoza.gov.ar\/prensa\/wp-json\/wp\/v2\/media?parent=66103"}],"wp:term":[{"taxonomy":"category","embeddable":true,"href":"https:\/\/www.mendoza.gov.ar\/prensa\/wp-json\/wp\/v2\/categories?post=66103"},{"taxonomy":"post_tag","embeddable":true,"href":"https:\/\/www.mendoza.gov.ar\/prensa\/wp-json\/wp\/v2\/tags?post=66103"}],"curies":[{"name":"wp","href":"https:\/\/api.w.org\/{rel}","templated":true}]}}