{"id":66208,"date":"2016-09-09T14:56:56","date_gmt":"2016-09-09T17:56:56","guid":{"rendered":"http:\/\/prensa.mendoza.gov.ar\/?p=66208"},"modified":"2016-09-09T14:56:56","modified_gmt":"2016-09-09T17:56:56","slug":"cornejo-recibio-el-anfora-que-representa-la-conferencia-mundial-de-enoturismo","status":"publish","type":"post","link":"https:\/\/www.mendoza.gov.ar\/prensa\/cornejo-recibio-el-anfora-que-representa-la-conferencia-mundial-de-enoturismo\/","title":{"rendered":"Cornejo recibi\u00f3 el \u00e1nfora que representa la Conferencia Mundial de Enoturismo"},"content":{"rendered":"<!DOCTYPE html PUBLIC \"-\/\/W3C\/\/DTD HTML 4.0 Transitional\/\/EN\" \"http:\/\/www.w3.org\/TR\/REC-html40\/loose.dtd\">\n<html><body><p>Hoy se realiz&oacute; el cierre de la Conferencia Mundial de Enoturismo, que se desarroll&oacute; en la regi&oacute;n vitivin&iacute;cola de Kakheti, perteneciente a Georgia en Europa Oriental. El Gobernador de Mendoza, Alfredo Cornejo, disert&oacute; en la conferencia y agradeci&oacute; por ser parte del evento, el cual calific&oacute; como fruct&iacute;fero.<\/p>\n<p>&ldquo;La primera conferencia en este pa&iacute;s con tanta historia vitivin&iacute;cola y tanta riqueza cultural y patrimonial, con sus antiguos castillos e iglesias y sus maravillosos anfitriones, nos da pie para invitarlos a que la segunda conferencia se realice en una regi&oacute;n donde se produzca el vino del nuevo mundo y por ser Mendoza, una de las selectas 9 capitales del mundo y naturalmente la principal provincia vitivin&iacute;cola de la argentina ser&iacute;a un honor ser la sede de este evento, en la segunda quincena de noviembre de 2017&rdquo; afirm&oacute; el Gobernador.<\/p>\n<p>&ldquo;El pr&oacute;ximo a&ntilde;o podremos compartir nuevamente conocimientos, experiencias y nuevas pr&aacute;cticas, relacionadas con el turismo del vino, que moviliza muchos turistas al a&ntilde;o que van en busca precisamente de productos gastron&oacute;micos y bebidas que justamente le dar&aacute;n sensaciones inolvidables&rdquo; agreg&oacute; Cornejo.<\/p>\n<p>&ldquo;Es importante recibir a turistas que apuntan al enoturismo, que visitan tanto las cl&aacute;sicas regiones vitivin&iacute;colas del viejo mundo, como los lugares nuevos y tambi&eacute;n aquellos rincones donde se innova y se produce vino. Espero que podamos igualar y dif&iacute;cilmente superar la organizaci&oacute;n que ha tenido Georgia en esta primera conferencia, para noviembre de 2017&rdquo; detall&oacute; el mandatario provincial.<\/p>\n<p>Luego, el gobernador hizo una breve descripci&oacute;n de nuestra provincia para los participantes de la Conferencia, &ldquo;queremos contarles que Mendoza es la cuarta provincia en cantidad de habitantes de producci&oacute;n de la Argentina y es el 71 % del vino que se produce en nuestro pa&iacute;s, adem&aacute;s tenemos el 85 % de las exportaciones del pa&iacute;s&rdquo;.<\/p>\n<p>En referencia al potencial tur&iacute;stico de Mendoza, Alfredo Cornejo, coment&oacute; que &ldquo;tenemos grandes atractivos tur&iacute;sticos que son una gran combinaci&oacute;n del vino y la gastronom&iacute;a, entre ellos nuestra Cordillera de Los Andes que cuenta con las monta&ntilde;as m&aacute;s altas de toda Am&eacute;rica, como el Aconcagua&rdquo;.<\/p>\n<p>De forma paralela a la visualizaci&oacute;n de un video institucional sobre las riquezas mendocinas, el Gobernador agreg&oacute; que &ldquo;en Mendoza adem&aacute;s tenemos hermosos centros de ski, un atractivo tur&iacute;stico que estamos desarrollando&rdquo;.<\/p>\n<p>Acto seguido, Cornejo hizo entrega de un vino mendocino al secretario general de la Organizaci&oacute;n Mundial del Turismo, Taleb Rifai. El Gobernador tambi&eacute;n salud&oacute; e intercambi&oacute; experiencias con Chateau Mukhrani, ministro de Turismo de Armenia.<\/p>\n<p><a href=\"https:\/\/www.mendoza.gov.ar\/prensa\/wp-content\/uploads\/sites\/23\/ge.jpg\"><img loading=\"lazy\" class=\"alignnone wp-image-66209 img-responsive center-block\" src=\"https:\/\/www.mendoza.gov.ar\/prensa\/wp-content\/uploads\/sites\/23\/ge.jpg\" alt=\"\" width=\"650\" height=\"487\"><\/a><\/p>\n<p>Para finalizar, Dimitry Kumsishvili, Viceprimer Ministro y Ministro de Econom&iacute;a y Desarrollo Sostenible de Georgia, le hizo entrega un &aacute;nfora (estatuilla representativa del evento) que descansar&aacute; en Mendoza hasta que se d&eacute; inicio a la segunda Conferencia Mundial del Enoturismo en noviembre del 2017.<\/p>\n<\/body><\/html>\n","protected":false},"excerpt":{"rendered":"En el cierre del evento, el Gobernador tom\u00f3 la posta para que Mendoza sea sede en noviembre de 2017 y describi\u00f3 las virtudes gastron\u00f3micas y tur\u00edsticas de nuestra provincia.","protected":false},"author":3,"featured_media":66214,"comment_status":"open","ping_status":"open","sticky":false,"template":"","format":"standard","meta":[],"categories":[19],"tags":[],"_links":{"self":[{"href":"https:\/\/www.mendoza.gov.ar\/prensa\/wp-json\/wp\/v2\/posts\/66208"}],"collection":[{"href":"https:\/\/www.mendoza.gov.ar\/prensa\/wp-json\/wp\/v2\/posts"}],"about":[{"href":"https:\/\/www.mendoza.gov.ar\/prensa\/wp-json\/wp\/v2\/types\/post"}],"author":[{"embeddable":true,"href":"https:\/\/www.mendoza.gov.ar\/prensa\/wp-json\/wp\/v2\/users\/3"}],"replies":[{"embeddable":true,"href":"https:\/\/www.mendoza.gov.ar\/prensa\/wp-json\/wp\/v2\/comments?post=66208"}],"version-history":[{"count":0,"href":"https:\/\/www.mendoza.gov.ar\/prensa\/wp-json\/wp\/v2\/posts\/66208\/revisions"}],"wp:featuredmedia":[{"embeddable":true,"href":"https:\/\/www.mendoza.gov.ar\/prensa\/wp-json\/wp\/v2\/media\/66214"}],"wp:attachment":[{"href":"https:\/\/www.mendoza.gov.ar\/prensa\/wp-json\/wp\/v2\/media?parent=66208"}],"wp:term":[{"taxonomy":"category","embeddable":true,"href":"https:\/\/www.mendoza.gov.ar\/prensa\/wp-json\/wp\/v2\/categories?post=66208"},{"taxonomy":"post_tag","embeddable":true,"href":"https:\/\/www.mendoza.gov.ar\/prensa\/wp-json\/wp\/v2\/tags?post=66208"}],"curies":[{"name":"wp","href":"https:\/\/api.w.org\/{rel}","templated":true}]}}