{"id":66287,"date":"2016-09-10T11:37:58","date_gmt":"2016-09-10T14:37:58","guid":{"rendered":"http:\/\/prensa.mendoza.gov.ar\/?p=66287"},"modified":"2016-09-10T11:37:58","modified_gmt":"2016-09-10T14:37:58","slug":"mas-de-1000-personas-participaron-de-la-campana-cafe-solidario","status":"publish","type":"post","link":"https:\/\/www.mendoza.gov.ar\/prensa\/mas-de-1000-personas-participaron-de-la-campana-cafe-solidario\/","title":{"rendered":"M\u00e1s de 1000 personas participaron de la campa\u00f1a \u201cCaf\u00e9 Solidario\u201d"},"content":{"rendered":"<!DOCTYPE html PUBLIC \"-\/\/W3C\/\/DTD HTML 4.0 Transitional\/\/EN\" \"http:\/\/www.w3.org\/TR\/REC-html40\/loose.dtd\">\n<html><body><p>El Ministerio de Econom&iacute;a, Infraestructura y Energ&iacute;a del Gobierno de Mendoza, a trav&eacute;s del Instituto de Desarrollo Comercial (IDC), dio a conocer los resultados que dej&oacute; la campa&ntilde;a &ldquo;Caf&eacute; Solidario&rdquo;. En la ocasi&oacute;n, funcionarios provinciales realizaron un agasajo, en la sala menor de La Enoteca, a los 45 comerciantes, de la Ciudad de Mendoza y el sur provincial, que formaron parte de la iniciativa durante los meses de julio y agosto.<\/p>\n<p>&ldquo;Nuestro equipo comercial realiz&oacute;, durante los 60 d&iacute;as que dur&oacute; la campa&ntilde;a, un seguimiento semanal por cada uno de los comercios que formaron parte de esta iniciativa, y como resultado pudimos constatar que m&aacute;s de mil personas decidieron sumarse al proyecto dejando un caf&eacute; pago para alguna persona en situaci&oacute;n de calle&rdquo; sostuvo Daniel Dimartino, Gerente General del IDC.<\/p>\n<p>En ese sentido, el funcionario remarc&oacute;: &ldquo;Quien particip&oacute; de la iniciativa, no solo dej&oacute; pago un caf&eacute;. Tambi&eacute;n se dejaron pagos otro tipo de infusiones para quienes m&aacute;s lo necesitan durante el periodo invernal. Producto del relevamiento que realizamos semanalmente, nos sorprendimos por la cantidad de caf&eacute;s u otras infusiones que se dejaron en car&aacute;cter de pendientes, m&aacute;s de 1200&rdquo;.<\/p>\n<p>Es por estos resultados, y por la cantidad de locales adheridos a la iniciativa, que se llev&oacute; a cabo un agasajo en las instalaciones de La Enoteca donde se distingui&oacute; a los comerciantes que decidieron sumarse a este proyecto lanzado desde el IDC. Fue en este marco, donde los propietarios de las firmas compartieron una recepci&oacute;n que dio lugar a la entrega de certificados de participaci&oacute;n otorgados por el IDC, para luego dar paso a la presentaci&oacute;n de la banda de Funk The Groove Thing, que deleit&oacute; a los asistentes con muy buena m&uacute;sica.<\/p>\n<p>&ldquo;Caf&eacute; Solidario&rdquo; consisti&oacute; principalmente en que las personas que consumieran un caf&eacute; en algunos de los locales participantes, dejar&aacute;n otro pago para personas en situaci&oacute;n de calle. En este sentido Gabriela Mosso de MG Caf&eacute;, destac&oacute; que &ldquo;Esta fue una experiencia positiva, ya que hab&iacute;a muchos clientes que solicitaban permanentemente dejar pago otro caf&eacute;&rdquo;.<\/p>\n<p><strong>Beneficio para el empresario<\/strong><\/p>\n<p>De esta manera no s&oacute;lo se busc&oacute; que todos aquellos que est&aacute;n en situaci&oacute;n de calle puedan adquirir de forma gratuita una infusi&oacute;n para paliar las bajas temperaturas del ciclo invernal, sino que adem&aacute;s se busc&oacute; impulsar las ventas en este sector.<\/p>\n<p><strong>Locales adheridos<\/strong><\/p>\n<p>DULCE MORELLA Amigorena 16<\/p>\n<p>LOS INMIGRANTES Av. San Mart&iacute;n 1173<\/p>\n<p>EL SORO 9 de Julio 1256<\/p>\n<p>OSO Espa&ntilde;a 1068<\/p>\n<p>CUARTO INTERMEDIO Patricias Mendocinas 1183<\/p>\n<p>LA FUSTA Av. San Mart&iacute;n 808<\/p>\n<p>LA PREVIA Catamarca 223<\/p>\n<p>REACH Alem 222<\/p>\n<p>LOS ANGELITOS Buenos Aires 202 esq. Rioja<\/p>\n<p>FAUSTINO Rioja 1220<\/p>\n<p>PIZZA Y CHOPP Garibaldi 142<\/p>\n<p>CLEO Av. Zapata y San Mart&iacute;n<\/p>\n<p>MG CAF&Eacute; Av. San Mart&iacute;n 737<\/p>\n<p>JOCKEY CLUB Espejo y Espa&ntilde;a<\/p>\n<p>M&Aacute;XIMO CAF&Eacute; 9 de Julio<\/p>\n<p>LOMORO Av. San Mart&iacute;n 1175<\/p>\n<p>LOMORO Av. San Mart&iacute;n y San Lorenzo<\/p>\n<p>SAN PABLO Av San Mart&iacute;n 1213<\/p>\n<p>DRUGSTORE 9 de Julio 9 de julio 1155<\/p>\n<p>SEXTA AVENIDA Alem y San Juan<\/p>\n<p>DRUGSTORE GUTI&Eacute;RREZ 80 Guti&eacute;rrez 80<\/p>\n<p>SAN FRANCISCO Guti&eacute;rrez 44<\/p>\n<p>CAF&Eacute; TRES Catamarca 24<\/p>\n<p>Caf&eacute; 9 de Julio 9 de julio 1245<\/p>\n<p>SETTER Av. San Mart&iacute;n 1184<\/p>\n<p>ESSENZIA Peatonal Sarmiento 114<\/p>\n<p>OLEGARIO Patricias Mendocinas 945<\/p>\n<p>AL&rsquo;CHEMIE Rioja 1124 esq. Garibaldi<\/p>\n<p>A LO CUBANO CTE. Salas 99<\/p>\n<p>CHOCOLATE CON PIMIENTA Las Heras 172<\/p>\n<p>COMO OLVIDARTE H. YRIGOYEN 355<\/p>\n<p>LA DELICIA AV. H. Yrigoyen 591<\/p>\n<p>LA DELICIA DEL BOULEVARD AV. Hip&oacute;litoYrigoyen 1594<\/p>\n<p>ME SACO EL SACO Pellegrini 153<\/p>\n<p>NINA San Martin esq. Olascoaga<\/p>\n<ol>\n<li>CAF&Eacute; San Martin 33<\/li>\n<\/ol>\n<p>KROCANTES Pellegrini esq. Italia<\/p>\n<p>KROCANTES Av. Alvear Norte y Mendoza<\/p>\n<p>LOMORO Av. Alvear Oeste 160<\/p>\n<\/body><\/html>\n","protected":false},"excerpt":{"rendered":"Ese fue el saldo que dej\u00f3 la iniciativa del Ministerio de Econom\u00eda, a trav\u00e9s del IDC, durante los meses de julio y agosto. Dejaban un caf\u00e9 pago para una persona en situaci\u00f3n de calle.  Anoche, los comerciantes que formaron parte del proyecto fueron distinguidos en La Enoteca.","protected":false},"author":3,"featured_media":0,"comment_status":"open","ping_status":"open","sticky":false,"template":"","format":"standard","meta":[],"categories":[1],"tags":[],"_links":{"self":[{"href":"https:\/\/www.mendoza.gov.ar\/prensa\/wp-json\/wp\/v2\/posts\/66287"}],"collection":[{"href":"https:\/\/www.mendoza.gov.ar\/prensa\/wp-json\/wp\/v2\/posts"}],"about":[{"href":"https:\/\/www.mendoza.gov.ar\/prensa\/wp-json\/wp\/v2\/types\/post"}],"author":[{"embeddable":true,"href":"https:\/\/www.mendoza.gov.ar\/prensa\/wp-json\/wp\/v2\/users\/3"}],"replies":[{"embeddable":true,"href":"https:\/\/www.mendoza.gov.ar\/prensa\/wp-json\/wp\/v2\/comments?post=66287"}],"version-history":[{"count":0,"href":"https:\/\/www.mendoza.gov.ar\/prensa\/wp-json\/wp\/v2\/posts\/66287\/revisions"}],"wp:attachment":[{"href":"https:\/\/www.mendoza.gov.ar\/prensa\/wp-json\/wp\/v2\/media?parent=66287"}],"wp:term":[{"taxonomy":"category","embeddable":true,"href":"https:\/\/www.mendoza.gov.ar\/prensa\/wp-json\/wp\/v2\/categories?post=66287"},{"taxonomy":"post_tag","embeddable":true,"href":"https:\/\/www.mendoza.gov.ar\/prensa\/wp-json\/wp\/v2\/tags?post=66287"}],"curies":[{"name":"wp","href":"https:\/\/api.w.org\/{rel}","templated":true}]}}