{"id":66340,"date":"2016-09-12T08:09:10","date_gmt":"2016-09-12T11:09:10","guid":{"rendered":"http:\/\/prensa.mendoza.gov.ar\/?p=66340"},"modified":"2016-09-12T08:09:10","modified_gmt":"2016-09-12T11:09:10","slug":"osep-realizo-las-xv-jornadas-de-enfermeria-2016","status":"publish","type":"post","link":"https:\/\/www.mendoza.gov.ar\/prensa\/osep-realizo-las-xv-jornadas-de-enfermeria-2016\/","title":{"rendered":"OSEP realiz\u00f3 las XV Jornadas de Enfermer\u00eda 2016"},"content":{"rendered":"<!DOCTYPE html PUBLIC \"-\/\/W3C\/\/DTD HTML 4.0 Transitional\/\/EN\" \"http:\/\/www.w3.org\/TR\/REC-html40\/loose.dtd\">\n<html><body><div>Con numerosa concurrencia,&nbsp;se desarrollaron las XV Jornadas de Enfermer&iacute;a 2016, organizadas por la Obra Social de Empleados P&uacute;blicos (OSEP),&nbsp;en la Sala Plumerillo del Centro de Congresos y Exposiciones.<\/div>\n<div><\/div>\n<div>En la presentaci&oacute;n, y ante m&aacute;s de 500 personas, el director general de OSEP, Sergio Vergara, manifest&oacute; la necesidad de continuar capacit&aacute;ndose, valorando el entusiasmo de los j&oacute;venes y la pasi&oacute;n de los m&aacute;s experimentados en seguir incorporando conocimientos.<\/div>\n<div><\/div>\n<div>Tambi&eacute;n reflexion&oacute; sobre la tarea que realizan los enfermeros y que en muchas ocasiones son muchas&nbsp;m&aacute;s de las que le competen, lo que&nbsp;muestra la pasi&oacute;n por su trabajo. Los invit&oacute; a seguir participando en&nbsp;todas las capacitaciones para ser cada vez m&aacute;s profesionales. &ldquo;En nuestra especialidad, individualmente no somos nada, por eso es importante el grupo interdisciplinario que trabaja en salud para sacar adelante un enfermo&rdquo;, afirm&oacute; Vergara Concluy&oacute; manifestando que no importa con qu&eacute; color pol&iacute;tico se sientan identificados, simplemente los convoc&oacute; a trabajar para ser cada d&iacute;a m&aacute;s competentes.<\/div>\n<div><\/div>\n<div dir=\"ltr\">A continuaci&oacute;n dio comienzo la Jornada con el cronograma de charlas previsto.<\/div>\n<\/body><\/html>\n","protected":false},"excerpt":{"rendered":"M\u00e1s de 500 personas participaron en la convocatoria. Sergio Vergara, resalt\u00f3 la necesidad de continuar capacit\u00e1ndose","protected":false},"author":3,"featured_media":66341,"comment_status":"open","ping_status":"open","sticky":false,"template":"","format":"standard","meta":[],"categories":[30],"tags":[],"_links":{"self":[{"href":"https:\/\/www.mendoza.gov.ar\/prensa\/wp-json\/wp\/v2\/posts\/66340"}],"collection":[{"href":"https:\/\/www.mendoza.gov.ar\/prensa\/wp-json\/wp\/v2\/posts"}],"about":[{"href":"https:\/\/www.mendoza.gov.ar\/prensa\/wp-json\/wp\/v2\/types\/post"}],"author":[{"embeddable":true,"href":"https:\/\/www.mendoza.gov.ar\/prensa\/wp-json\/wp\/v2\/users\/3"}],"replies":[{"embeddable":true,"href":"https:\/\/www.mendoza.gov.ar\/prensa\/wp-json\/wp\/v2\/comments?post=66340"}],"version-history":[{"count":0,"href":"https:\/\/www.mendoza.gov.ar\/prensa\/wp-json\/wp\/v2\/posts\/66340\/revisions"}],"wp:featuredmedia":[{"embeddable":true,"href":"https:\/\/www.mendoza.gov.ar\/prensa\/wp-json\/wp\/v2\/media\/66341"}],"wp:attachment":[{"href":"https:\/\/www.mendoza.gov.ar\/prensa\/wp-json\/wp\/v2\/media?parent=66340"}],"wp:term":[{"taxonomy":"category","embeddable":true,"href":"https:\/\/www.mendoza.gov.ar\/prensa\/wp-json\/wp\/v2\/categories?post=66340"},{"taxonomy":"post_tag","embeddable":true,"href":"https:\/\/www.mendoza.gov.ar\/prensa\/wp-json\/wp\/v2\/tags?post=66340"}],"curies":[{"name":"wp","href":"https:\/\/api.w.org\/{rel}","templated":true}]}}