{"id":66349,"date":"2016-09-12T08:29:23","date_gmt":"2016-09-12T11:29:23","guid":{"rendered":"http:\/\/prensa.mendoza.gov.ar\/?p=66349"},"modified":"2016-09-12T08:29:23","modified_gmt":"2016-09-12T11:29:23","slug":"dia-mundial-de-la-sepsis","status":"publish","type":"post","link":"https:\/\/www.mendoza.gov.ar\/prensa\/dia-mundial-de-la-sepsis\/","title":{"rendered":"D\u00eda Mundial de la Sepsis\u00a0"},"content":{"rendered":"<!DOCTYPE html PUBLIC \"-\/\/W3C\/\/DTD HTML 4.0 Transitional\/\/EN\" \"http:\/\/www.w3.org\/TR\/REC-html40\/loose.dtd\">\n<html><body><div>Cada 13 de setiembre&nbsp;se celebra el D&iacute;a Mundial de la Sepsis. Es por ello que el Servicio de Terapia Intensiva del Hospital del Carmen llevar&aacute; a cabo una actividad de concientizaci&oacute;n bajo el lema &ldquo;Frenar la sepsis salva vidas&rdquo;.<\/div>\n<div><\/div>\n<div>Se ha fijado esta fecha con el fin de incrementar el alerta en la comunidad y en los equipos de salud y promover que la higiene disminuye su incidencia.<\/div>\n<div dir=\"ltr\"><\/div>\n<div dir=\"ltr\">La sepsis es una respuesta inflamatoria del organismo a una infecci&oacute;n que generalmente ha sido de tipo bacteriana. Provoca da&ntilde;o o fallo de los &oacute;rganos y tejidos vitales y su presencia es considerada una &ldquo;emergencia m&eacute;dica&rdquo;.<\/div>\n<div dir=\"ltr\"><\/div>\n<div dir=\"ltr\">La importancia de conocer sobre esta enfermedad radica en su detecci&oacute;n a tiempo, ya que el da&ntilde;o que provoca, ya sea por retardar la toma de los antibi&oacute;ticos o simplemente no tratarlo, puede conducir a un colapso o shock, al mal funcionamiento de diversos &oacute;rganos y hasta inclusive la muerte.<\/div>\n<div dir=\"ltr\"><\/div>\n<div dir=\"ltr\">Algunas de las pautas de alerta son:<\/div>\n<ul>\n<li>Fiebre o escalofr&iacute;os.<\/li>\n<li>Trastorno de conciencia o de conducta.<\/li>\n<li>Disminuci&oacute;n del ritmo urinario.<\/li>\n<li>Reducci&oacute;n de los valores de presi&oacute;n arterial.<\/li>\n<li>Tos, ardor al orinar, enrojecimiento.<\/li>\n<li>Edema en piel, diarrea, dolor abdominal, cefalea, dolor articular.<\/li>\n<\/ul>\n<p>La jornada se va desarrollar en el hall central del Hospital del Carmen, de 9 a 13. All&iacute; se instalar&aacute;&nbsp;un&nbsp;local&nbsp;con profesionales que brindar&aacute;n asesoramiento al p&uacute;blico en general y folleter&iacute;a.<\/p>\n<p>Tambi&eacute;n se preve&eacute; un ciclo de charlas destinadas a los m&eacute;dicos para tratar los nuevos paradigmas e investigaciones sobre la sepsis.<\/p>\n<\/body><\/html>\n","protected":false},"excerpt":{"rendered":"Ma\u00f1ana,\u00a0martes\u00a013, se celebrar\u00e1 el D\u00eda Mundial de la Sepsis. El servicio de Terapia Intensiva del Hospital del Carmen llevar\u00e1 a cabo una actividad de concientizaci\u00f3n bajo el lema \u201cFrenar la sepsis salva vidas\u201d.\u00a0","protected":false},"author":3,"featured_media":66351,"comment_status":"open","ping_status":"open","sticky":false,"template":"","format":"standard","meta":[],"categories":[30],"tags":[],"_links":{"self":[{"href":"https:\/\/www.mendoza.gov.ar\/prensa\/wp-json\/wp\/v2\/posts\/66349"}],"collection":[{"href":"https:\/\/www.mendoza.gov.ar\/prensa\/wp-json\/wp\/v2\/posts"}],"about":[{"href":"https:\/\/www.mendoza.gov.ar\/prensa\/wp-json\/wp\/v2\/types\/post"}],"author":[{"embeddable":true,"href":"https:\/\/www.mendoza.gov.ar\/prensa\/wp-json\/wp\/v2\/users\/3"}],"replies":[{"embeddable":true,"href":"https:\/\/www.mendoza.gov.ar\/prensa\/wp-json\/wp\/v2\/comments?post=66349"}],"version-history":[{"count":0,"href":"https:\/\/www.mendoza.gov.ar\/prensa\/wp-json\/wp\/v2\/posts\/66349\/revisions"}],"wp:featuredmedia":[{"embeddable":true,"href":"https:\/\/www.mendoza.gov.ar\/prensa\/wp-json\/wp\/v2\/media\/66351"}],"wp:attachment":[{"href":"https:\/\/www.mendoza.gov.ar\/prensa\/wp-json\/wp\/v2\/media?parent=66349"}],"wp:term":[{"taxonomy":"category","embeddable":true,"href":"https:\/\/www.mendoza.gov.ar\/prensa\/wp-json\/wp\/v2\/categories?post=66349"},{"taxonomy":"post_tag","embeddable":true,"href":"https:\/\/www.mendoza.gov.ar\/prensa\/wp-json\/wp\/v2\/tags?post=66349"}],"curies":[{"name":"wp","href":"https:\/\/api.w.org\/{rel}","templated":true}]}}