{"id":66394,"date":"2016-09-12T13:43:16","date_gmt":"2016-09-12T16:43:16","guid":{"rendered":"http:\/\/prensa.mendoza.gov.ar\/?p=66394"},"modified":"2017-09-08T10:36:35","modified_gmt":"2017-09-08T13:36:35","slug":"desvio-de-transporte-en-guaymallen","status":"publish","type":"post","link":"https:\/\/www.mendoza.gov.ar\/prensa\/desvio-de-transporte-en-guaymallen\/","title":{"rendered":"Desv\u00edo de transporte en Guaymall\u00e9n"},"content":{"rendered":"<!DOCTYPE html PUBLIC \"-\/\/W3C\/\/DTD HTML 4.0 Transitional\/\/EN\" \"http:\/\/www.w3.org\/TR\/REC-html40\/loose.dtd\">\n<html><body><p>A partir del mi&eacute;rcoles habr&aacute; desv&iacute;os del servicio regular en el Barrio Alto Rodeo para realizar el nexo cloacal para los vecinos del Barrio. Para realizar los trabajos se proceder&aacute; al corte de&nbsp;la calle Bandera de Los Andes (Carril Nacional) y Jos&eacute; Mart&iacute; de Rodeo de la Cruz.<\/p>\n<p>En consecuencia y para prestar servicio en la zona, se desviar&aacute;n los siguientes servicios de transporte:&nbsp;Grupo 02 <i>l&iacute;neas A 21-22-23-24-25-28-29; y las l&iacute;neas B 24-25-26-27 &nbsp;<\/i>que tomar&aacute;n por Carril Nacional, Pedraza, Cadetes Argentinos, Hugo Lino Carosella, Bandera de Los Andes, para retornar a su recorrido habitual.<\/p>\n<p>&nbsp;<\/p>\n<\/body><\/html>\n","protected":false},"excerpt":{"rendered":"Comienzan este mi\u00e9rcoles en el Grupo 02 y se extender\u00e1 por 10 d\u00edas corridos.","protected":false},"author":3,"featured_media":66402,"comment_status":"open","ping_status":"open","sticky":false,"template":"","format":"standard","meta":[],"categories":[1],"tags":[],"_links":{"self":[{"href":"https:\/\/www.mendoza.gov.ar\/prensa\/wp-json\/wp\/v2\/posts\/66394"}],"collection":[{"href":"https:\/\/www.mendoza.gov.ar\/prensa\/wp-json\/wp\/v2\/posts"}],"about":[{"href":"https:\/\/www.mendoza.gov.ar\/prensa\/wp-json\/wp\/v2\/types\/post"}],"author":[{"embeddable":true,"href":"https:\/\/www.mendoza.gov.ar\/prensa\/wp-json\/wp\/v2\/users\/3"}],"replies":[{"embeddable":true,"href":"https:\/\/www.mendoza.gov.ar\/prensa\/wp-json\/wp\/v2\/comments?post=66394"}],"version-history":[{"count":1,"href":"https:\/\/www.mendoza.gov.ar\/prensa\/wp-json\/wp\/v2\/posts\/66394\/revisions"}],"predecessor-version":[{"id":102952,"href":"https:\/\/www.mendoza.gov.ar\/prensa\/wp-json\/wp\/v2\/posts\/66394\/revisions\/102952"}],"wp:featuredmedia":[{"embeddable":true,"href":"https:\/\/www.mendoza.gov.ar\/prensa\/wp-json\/wp\/v2\/media\/66402"}],"wp:attachment":[{"href":"https:\/\/www.mendoza.gov.ar\/prensa\/wp-json\/wp\/v2\/media?parent=66394"}],"wp:term":[{"taxonomy":"category","embeddable":true,"href":"https:\/\/www.mendoza.gov.ar\/prensa\/wp-json\/wp\/v2\/categories?post=66394"},{"taxonomy":"post_tag","embeddable":true,"href":"https:\/\/www.mendoza.gov.ar\/prensa\/wp-json\/wp\/v2\/tags?post=66394"}],"curies":[{"name":"wp","href":"https:\/\/api.w.org\/{rel}","templated":true}]}}