{"id":66436,"date":"2016-09-12T18:19:14","date_gmt":"2016-09-12T21:19:14","guid":{"rendered":"http:\/\/prensa.mendoza.gov.ar\/?p=66436"},"modified":"2016-09-12T18:19:14","modified_gmt":"2016-09-12T21:19:14","slug":"cornejo-participara-del-foro-argentina-to-the-world","status":"publish","type":"post","link":"https:\/\/www.mendoza.gov.ar\/prensa\/cornejo-participara-del-foro-argentina-to-the-world\/","title":{"rendered":"Cornejo participa del foro Argentina to the World"},"content":{"rendered":"<!DOCTYPE html PUBLIC \"-\/\/W3C\/\/DTD HTML 4.0 Transitional\/\/EN\" \"http:\/\/www.w3.org\/TR\/REC-html40\/loose.dtd\">\n<html><body><p>La 1&ordf; edici&oacute;n del Foro de negocios e inversi&oacute;n en Argentina, Argentina to the World, es una iniciativa pionera puesta en marcha por el presidente Mauricio Macri y organizada por la Agencia de Promoci&oacute;n de Inversiones y Comercio Argentina, se llevar&aacute; a cabo en Buenos Aires, del 12-14 de septiembre de, 2016, con un d&iacute;a dedicado a la Innovaci&oacute;n y Emprendimiento, que ser&aacute; el jueves 15.<\/p>\n<p>El Gobernador Alfredo Cornejo participa del Foro junto al titular de ProMendoza, Gabriel Fidel; y a los ministros Mart&iacute;n Kerchner (Hacienda) y Enrique Vaqui&eacute; (Econom&iacute;a). La actividad busca, entre otros fines, posicionar a nuestro pa&iacute;s como un destino atractivo en el mapa de las inversiones internacionales. En esta oportunidad, se podr&aacute; mostrar a la provincia de Mendoza como un destino estrat&eacute;gico ante los representantes nacionales e internacionales de los negocios y la pol&iacute;tica.<\/p>\n<p>El mandatario mendocino, adem&aacute;s, participa del acto de apertura y de la recepci&oacute;n que Macri brindar&aacute; a los asistentes.<\/p>\n<p>El Foro ser&aacute; un hito importante en la aplicaci&oacute;n de la reforma de los negocios y la inversi&oacute;n del presidente Mauricio Macri, promoviendo la meta de Argentina de aumentar la inversi&oacute;n extranjera directa (IED) y relanzamiento como una econom&iacute;a emergente significativa. Ser&aacute; como una plataforma para las discusiones, debates, presentaciones de oportunidades de inversi&oacute;n y reuniones de alto nivel entre los l&iacute;deres empresariales y gubernamentales argentinas y los inversores internacionales y socios, con el objetivo de estimular la econom&iacute;a y la mejora del bienestar de todos los ciudadanos de Argentina.<\/p>\n<p>Entre sus principales objetivos, el foro Argentina to the World busca:<\/p>\n<ul>\n<li>Atraer inversi&oacute;n extranjera directa para impulsar el crecimiento econ&oacute;mico en la Argentina y potenciar la creaci&oacute;n de empleos y oportunidades locales.<\/li>\n<\/ul>\n<ul>\n<li>Compartir los progresos experimentados por la Argentina en su ambicioso programa de reformas econ&oacute;micas.<\/li>\n<\/ul>\n<ul>\n<li>Resaltar las oportunidades en sectores econ&oacute;micos clave y el potencial a&uacute;n no desarrollado.<\/li>\n<\/ul>\n<ul>\n<li>Identificar fuentes de inversi&oacute;n para alcanzar un crecimiento sostenido e inclusivo.<\/li>\n<\/ul>\n<ul>\n<li>Mostrar al mundo el amplio ecosistema emprendedor argentino y presentar a sus l&iacute;deres innovadores.<\/li>\n<\/ul>\n<ul>\n<li>Posicionar a la Argentina como un destino atractivo en el mapa de las inversiones internacionales.<\/li>\n<\/ul>\n<\/body><\/html>\n","protected":false},"excerpt":{"rendered":"Encabezada por el presidente Mauricio Macri, la actividad que se desarrolla en Buenos Aires del 12 al 14 de septiembre, marca el regreso de la Argentina a los mercados internacionales. Se busca promover relaciones entre sectores p\u00fablicos y privados que permitan a inversionistas y l\u00edderes conocer los atributos de cada sector econ\u00f3mico del pa\u00eds.","protected":false},"author":3,"featured_media":66519,"comment_status":"open","ping_status":"open","sticky":false,"template":"","format":"standard","meta":[],"categories":[19],"tags":[],"_links":{"self":[{"href":"https:\/\/www.mendoza.gov.ar\/prensa\/wp-json\/wp\/v2\/posts\/66436"}],"collection":[{"href":"https:\/\/www.mendoza.gov.ar\/prensa\/wp-json\/wp\/v2\/posts"}],"about":[{"href":"https:\/\/www.mendoza.gov.ar\/prensa\/wp-json\/wp\/v2\/types\/post"}],"author":[{"embeddable":true,"href":"https:\/\/www.mendoza.gov.ar\/prensa\/wp-json\/wp\/v2\/users\/3"}],"replies":[{"embeddable":true,"href":"https:\/\/www.mendoza.gov.ar\/prensa\/wp-json\/wp\/v2\/comments?post=66436"}],"version-history":[{"count":0,"href":"https:\/\/www.mendoza.gov.ar\/prensa\/wp-json\/wp\/v2\/posts\/66436\/revisions"}],"wp:featuredmedia":[{"embeddable":true,"href":"https:\/\/www.mendoza.gov.ar\/prensa\/wp-json\/wp\/v2\/media\/66519"}],"wp:attachment":[{"href":"https:\/\/www.mendoza.gov.ar\/prensa\/wp-json\/wp\/v2\/media?parent=66436"}],"wp:term":[{"taxonomy":"category","embeddable":true,"href":"https:\/\/www.mendoza.gov.ar\/prensa\/wp-json\/wp\/v2\/categories?post=66436"},{"taxonomy":"post_tag","embeddable":true,"href":"https:\/\/www.mendoza.gov.ar\/prensa\/wp-json\/wp\/v2\/tags?post=66436"}],"curies":[{"name":"wp","href":"https:\/\/api.w.org\/{rel}","templated":true}]}}