{"id":66445,"date":"2016-09-13T10:59:31","date_gmt":"2016-09-13T13:59:31","guid":{"rendered":"http:\/\/prensa.mendoza.gov.ar\/?p=66445"},"modified":"2019-03-11T09:52:56","modified_gmt":"2019-03-11T12:52:56","slug":"continuan-los-trabajos-sanitarios-y-reconversion-en-el-zoologico-provincial","status":"publish","type":"post","link":"https:\/\/www.mendoza.gov.ar\/prensa\/continuan-los-trabajos-sanitarios-y-reconversion-en-el-zoologico-provincial\/","title":{"rendered":"Contin\u00faan los trabajos sanitarios y reconversi\u00f3n en el Zool\u00f3gico provincial"},"content":{"rendered":"<!DOCTYPE html PUBLIC \"-\/\/W3C\/\/DTD HTML 4.0 Transitional\/\/EN\" \"http:\/\/www.w3.org\/TR\/REC-html40\/loose.dtd\">\n<html><body><p>Durante setiembre contin&uacute;an los trabajos de relevamiento, limpieza y prevenci&oacute;n en el Zool&oacute;gico de la Provincia. Hasta el momento, se realizaron controles de enfermedades como brucelosis y tuberculosis, seguidas con&nbsp;la desparasitaci&oacute;n de los animales.<\/p>\n<p>Las tareas de control, limpieza y desparasitaci&oacute;n se realizaron en los recintos que albergan a las cabras de Camer&uacute;n y de Angora, que juntos suman m&aacute;s de setenta ejemplares. Anteriormente se trabaj&oacute; con ovejas somal&iacute;es.<\/p>\n<p>Los animales tratados fueron:<\/p>\n<ul>\n<li>238 ovejas somal&iacute;es.<\/li>\n<li>63 cabras de Camer&uacute;n.<\/li>\n<li>23 camellos.<\/li>\n<li>17 cabras de angora.<\/li>\n<\/ul>\n<p>El corral de los camellos tambi&eacute;n fue relevado y limpiado nuevamente. Ante la presencia de par&aacute;sitos, los ejemplares recibieron la primera de dos dosis inyectables para ser tratados de inmediato.<\/p>\n<p>La problem&aacute;tica que se plantea con los par&aacute;sitos es que son ingeridos por los animales y luego excretados en el suelo del corral, es por eso que se encargaron comederos en altura realizados de hormig&oacute;n para los animales de granja y camellos. Los comederos pl&aacute;sticos que se ubicar&aacute;n en el resto de los recintos no son aptos para estas especies m&aacute;s grandes.<\/p>\n<p><strong>Zool&oacute;gico cerrado<\/strong><\/p>\n<p>El Zool&oacute;gico provincial se encuentra temporalmente cerrado por tiempo indefinido debido a las obras de reconversi&oacute;n. El proceso tiene como objetivo garantizar una mejor calidad de vida a los animales que se albergan y seguridad interna para los visitantes.<\/p>\n<p>Durante estos meses, se construyeron nuevos cobertizos para el &aacute;rea de las cierveras y corrales, una de las m&aacute;s afectadas en los &uacute;ltimos a&ntilde;os por falta de mantenimiento y limpieza.<\/p>\n<p>Actualmente, se trabaja en la colocaci&oacute;n de nuevos portones de cierre para cada corral y nuevos bebederos y comederos. Tambi&eacute;n se terminaron nuevos ba&ntilde;os p&uacute;blicos en el sector de los elefantes y se contin&uacute;a con un intenso trabajo de limpieza de guano y barro en todos los corrales del paseo.<\/p>\n<p>&nbsp;<\/p>\n<p>&nbsp;<\/p>\n<\/body><\/html>\n","protected":false},"excerpt":{"rendered":"Con la colaboraci\u00f3n de Fauna, Ganader\u00eda y el Senasa, contin\u00faa el plan sanitario previsto para el paseo. Ya se trataron ovejas somal\u00edes, cabras de Camer\u00fan, camellos y cabras de Angora.","protected":false},"author":3,"featured_media":66446,"comment_status":"open","ping_status":"open","sticky":false,"template":"","format":"standard","meta":[],"categories":[3],"tags":[],"_links":{"self":[{"href":"https:\/\/www.mendoza.gov.ar\/prensa\/wp-json\/wp\/v2\/posts\/66445"}],"collection":[{"href":"https:\/\/www.mendoza.gov.ar\/prensa\/wp-json\/wp\/v2\/posts"}],"about":[{"href":"https:\/\/www.mendoza.gov.ar\/prensa\/wp-json\/wp\/v2\/types\/post"}],"author":[{"embeddable":true,"href":"https:\/\/www.mendoza.gov.ar\/prensa\/wp-json\/wp\/v2\/users\/3"}],"replies":[{"embeddable":true,"href":"https:\/\/www.mendoza.gov.ar\/prensa\/wp-json\/wp\/v2\/comments?post=66445"}],"version-history":[{"count":1,"href":"https:\/\/www.mendoza.gov.ar\/prensa\/wp-json\/wp\/v2\/posts\/66445\/revisions"}],"predecessor-version":[{"id":175734,"href":"https:\/\/www.mendoza.gov.ar\/prensa\/wp-json\/wp\/v2\/posts\/66445\/revisions\/175734"}],"wp:featuredmedia":[{"embeddable":true,"href":"https:\/\/www.mendoza.gov.ar\/prensa\/wp-json\/wp\/v2\/media\/66446"}],"wp:attachment":[{"href":"https:\/\/www.mendoza.gov.ar\/prensa\/wp-json\/wp\/v2\/media?parent=66445"}],"wp:term":[{"taxonomy":"category","embeddable":true,"href":"https:\/\/www.mendoza.gov.ar\/prensa\/wp-json\/wp\/v2\/categories?post=66445"},{"taxonomy":"post_tag","embeddable":true,"href":"https:\/\/www.mendoza.gov.ar\/prensa\/wp-json\/wp\/v2\/tags?post=66445"}],"curies":[{"name":"wp","href":"https:\/\/api.w.org\/{rel}","templated":true}]}}