{"id":66495,"date":"2016-09-13T13:26:02","date_gmt":"2016-09-13T16:26:02","guid":{"rendered":"http:\/\/prensa.mendoza.gov.ar\/?p=66495"},"modified":"2016-09-13T13:26:02","modified_gmt":"2016-09-13T16:26:02","slug":"mendoza-presento-sus-proyectos-de-inversion-en-el-foro-de-negocios","status":"publish","type":"post","link":"https:\/\/www.mendoza.gov.ar\/prensa\/mendoza-presento-sus-proyectos-de-inversion-en-el-foro-de-negocios\/","title":{"rendered":"Mendoza present\u00f3 sus proyectos de inversi\u00f3n en el foro de negocios"},"content":{"rendered":"<!DOCTYPE html PUBLIC \"-\/\/W3C\/\/DTD HTML 4.0 Transitional\/\/EN\" \"http:\/\/www.w3.org\/TR\/REC-html40\/loose.dtd\">\n<html><body><p>En Buenos Aires se desarrolla la primera edici&oacute;n del Foro de negocios e inversi&oacute;n en Argentina, Argentina to the World, una iniciativa pionera en el pa&iacute;s puesta en marcha por el presidente de la Naci&oacute;n, Mauricio Macri y organizada por la Agencia de Promoci&oacute;n de Inversiones y Comercio Argentina.<\/p>\n<p>En el Centro Cultural Kirchner, se encuentra presente el Gobernador Alfredo Cornejo, junto al titular de ProMendoza, Gabriel Fidel; y a los ministros Mart&iacute;n Kerchner (Hacienda) y Enrique Vaqui&eacute; (Econom&iacute;a), quienes aprovecharan esta&nbsp;oportunidad &uacute;nica de relacionamiento p&uacute;blico-privado, para&nbsp;mostrar a la provincia de Mendoza como un destino estrat&eacute;gico ante los representantes nacionales e internacionales del mundo de los negocios.<\/p>\n<p>Foro de negocios e inversi&oacute;n en Argentina, Argentina to the World, re&uacute;ne a 1500 inversionistas globales VIPs, CEO&rsquo;s de compa&ntilde;&iacute;as de diversos sectores, y l&iacute;deres gubernamentales. Este evento que ha sido clasificado como hist&oacute;rico,&nbsp;permitir&aacute; a los asistentes anticiparse a las atractivas oportunidades de inversi&oacute;n que la Argentina ofrece como consecuencia de su vasta extensi&oacute;n, sus recursos naturales, la diversidad de su econom&iacute;a, y la capacidad de sus recursos humanos.<\/p>\n<p>Argentina to the World es adem&aacute;s un espacio de relaci&oacute;n para debatir pol&iacute;ticas y proyectos de inversi&oacute;n, con mesas redondas sectoriales enfocadas en &aacute;reas estrat&eacute;gicas donde los participantes interactuan entre s&iacute;.<\/p>\n<p><a href=\"https:\/\/www.mendoza.gov.ar\/prensa\/wp-content\/uploads\/sites\/23\/gober2.jpg\"><img loading=\"lazy\" class=\"alignnone wp-image-66555 img-responsive center-block\" src=\"https:\/\/www.mendoza.gov.ar\/prensa\/wp-content\/uploads\/sites\/23\/gober2.jpg\" alt=\"\" width=\"650\" height=\"433\"><\/a><\/p>\n<p>Alfredo Cornejo coment&oacute; que &ldquo;es muy provechoso que se haya realizado este evento, ya que est&aacute;n las principales empresas del mundo, donde se les esta entregando informaci&oacute;n sobre Argentina, su proyecci&oacute;n econ&oacute;mica, y los cambios que se han generado en pol&iacute;tica econ&oacute;mica y que generan un entorno de negocios m&aacute;s favorables, sus efectos no son inmediatos, se van a ver con el tiempo&rdquo;.<\/p>\n<p>Consultado sobre el rol de nuestra provincia en el foro, el Gobernador afirm&oacute; que &ldquo;en particular hemos presentado nuestros proyectos de inversi&oacute;n, lo hemos hecho en medio de una presentaci&oacute;n tradicional papel y una tarjeta especial que permite ver a cada inversor nuestra potencialidad como Provincia, el material detalla que exportamos, que vendemos, que comercializamos y en que &aacute;rea hay oportunidades de negocios&rdquo;.<\/p>\n<p>Por su parte, el ministro de Hacienda, Mart&iacute;n Kerchner, detall&oacute; que &ldquo;Mendoza es una econom&iacute;a diversificada con tres o cuatro pilares: obviamente el pilar exportador log&iacute;stico con el vino como marca. Es un lugar con grandes recursos naturales especialmente petr&oacute;leo y gas y con el desarrollo tur&iacute;stico, que ha sido uno de los motores de las &uacute;ltimas d&eacute;cadas en la provincia&rdquo;.<\/p>\n<p>&ldquo;Esos pilares son los que fortalecen y tambi&eacute;n vamos a mostrarles las distintas alternativas para invertir en materia de obras p&uacute;blicas, de organizaci&oacute;n y desarrollo, de lo que significa desarrollo en la capacidad humana que tenemos en virtud de las distintas universidades que tenemos. Tenemos un alto nivel de formaci&oacute;n profesional eso es una gran oportunidad. Debemos ir desarrollando situaciones particulares en torno a lo que tenemos y tendremos en los pr&oacute;ximos a&ntilde;os en materia de inversiones con energ&iacute;as alternativas&rdquo; agreg&oacute; el ministro.<\/p>\n<p>En referencia a las expectativas que lo llevaron a participar de este evento, Cornejo coment&oacute; que &ldquo;los inversores que han venido son jugadores de primer nivel de la economia mundial, la mayor&iacute;a de los pa&iacute;ses son occidentales y esas empresas son las que pueden inducir inversiones que muevan r&aacute;pido la aguja de la econom&iacute;a, la oficina de Atracci&oacute;n de Inversiones ha hecho un gran trabajo y este foro re&uacute;ne nuestras expectativas&rdquo;.<\/p>\n<p>Por estas horas, el Gobernador est&aacute; participando de un almuerzo que forma parte del cronograma del foro, junto con el presidente de la Naci&oacute;n, Mauricio Macri y diversos empresarios extranjeros.<\/p>\n<p><a href=\"https:\/\/www.mendoza.gov.ar\/prensa\/wp-content\/uploads\/sites\/23\/almuerzo.jpg\"><img loading=\"lazy\" class=\"alignnone wp-image-66560 img-responsive center-block\" src=\"https:\/\/www.mendoza.gov.ar\/prensa\/wp-content\/uploads\/sites\/23\/almuerzo.jpg\" alt=\"\" width=\"650\" height=\"352\"><\/a><\/p>\n<p><strong>Mendoza firmar&aacute; un acuerdo con la empresa Vale<\/strong><\/p>\n<p>Desde Buenos Aires, el Gobernador, adelant&oacute; que &ldquo;a las 5 de la tarde vamos a firmar un convenio con Vale que est&aacute; pr&oacute;ximo a vender sus acciones en el proyecto de Potasio Rio Colorado, en esa venta Vale no va quedarse con dinero, sino que todo lo que invirtio hasta aqu&iacute; va a fondo p&eacute;rdido&rdquo;.<\/p>\n<p>&ldquo;Esto le&nbsp;conviene a Mendoza porque el comprador&nbsp;lo vamos a salir a conseguir juntos, y de ese modo vamos a reactivar el proyecto en un plazo mas corto que el previsto, estimamos que en 6 meses haremos el trabajo de ingenieria y en 6 meses m&aacute;s planeamos hacer el segundo convenio que permita la venta del proyecto, con lo cual en 18 meses se va estar reiniciando la actividad en Vale&rdquo;.<\/p>\n<p>&nbsp;<\/p>\n<\/body><\/html>\n","protected":false},"excerpt":{"rendered":"El Gobernador, invitado por el presidente de la Naci\u00f3n, Mauricio Macri, participa en la primera edici\u00f3n del Foro de negocios e inversi\u00f3n en Argentina, Argentina to the World. Por la tarde firmar\u00e1 un acuerdo con Vale para su pr\u00f3xima reactivaci\u00f3n. ","protected":false},"author":3,"featured_media":66519,"comment_status":"open","ping_status":"open","sticky":false,"template":"","format":"standard","meta":[],"categories":[19],"tags":[],"_links":{"self":[{"href":"https:\/\/www.mendoza.gov.ar\/prensa\/wp-json\/wp\/v2\/posts\/66495"}],"collection":[{"href":"https:\/\/www.mendoza.gov.ar\/prensa\/wp-json\/wp\/v2\/posts"}],"about":[{"href":"https:\/\/www.mendoza.gov.ar\/prensa\/wp-json\/wp\/v2\/types\/post"}],"author":[{"embeddable":true,"href":"https:\/\/www.mendoza.gov.ar\/prensa\/wp-json\/wp\/v2\/users\/3"}],"replies":[{"embeddable":true,"href":"https:\/\/www.mendoza.gov.ar\/prensa\/wp-json\/wp\/v2\/comments?post=66495"}],"version-history":[{"count":0,"href":"https:\/\/www.mendoza.gov.ar\/prensa\/wp-json\/wp\/v2\/posts\/66495\/revisions"}],"wp:featuredmedia":[{"embeddable":true,"href":"https:\/\/www.mendoza.gov.ar\/prensa\/wp-json\/wp\/v2\/media\/66519"}],"wp:attachment":[{"href":"https:\/\/www.mendoza.gov.ar\/prensa\/wp-json\/wp\/v2\/media?parent=66495"}],"wp:term":[{"taxonomy":"category","embeddable":true,"href":"https:\/\/www.mendoza.gov.ar\/prensa\/wp-json\/wp\/v2\/categories?post=66495"},{"taxonomy":"post_tag","embeddable":true,"href":"https:\/\/www.mendoza.gov.ar\/prensa\/wp-json\/wp\/v2\/tags?post=66495"}],"curies":[{"name":"wp","href":"https:\/\/api.w.org\/{rel}","templated":true}]}}