{"id":66566,"date":"2016-09-13T14:39:04","date_gmt":"2016-09-13T17:39:04","guid":{"rendered":"http:\/\/prensa.mendoza.gov.ar\/?p=66566"},"modified":"2016-09-13T14:39:04","modified_gmt":"2016-09-13T17:39:04","slug":"guinazu-participo-en-la-inauguracion-de-la-nueva-sede-de-la-camara-de-servicios-mineros","status":"publish","type":"post","link":"https:\/\/www.mendoza.gov.ar\/prensa\/guinazu-participo-en-la-inauguracion-de-la-nueva-sede-de-la-camara-de-servicios-mineros\/","title":{"rendered":"Gui\u00f1az\u00fa particip\u00f3 en la inauguraci\u00f3n de la nueva sede de la C\u00e1mara de Servicios Mineros"},"content":{"rendered":"<!DOCTYPE html PUBLIC \"-\/\/W3C\/\/DTD HTML 4.0 Transitional\/\/EN\" \"http:\/\/www.w3.org\/TR\/REC-html40\/loose.dtd\">\n<html><body><p>El subsecretario de Energ&iacute;a y Miner&iacute;a, Emilio Gui&ntilde;az&uacute;, junto a su par de Industria y Comercio, Guillermo Cruz, participaron ayer de la inauguraci&oacute;n de las nuevas instalaciones de la C&aacute;mara de Servicios Mineros Mendoza (Casemmza) para que funcionen como una base log&iacute;stica y operativa para profesionalizar el trabajo de la industria minera a largo plazo.<\/p>\n<p>Adem&aacute;s de equipamientos y servicios de log&iacute;stica y administraci&oacute;n, la nueva base incorporar&aacute; profesionales de diversas &aacute;reas, tales como ambientales, ingenieriles y financieras, entre otras, que faciliten el fortalecimiento y la competencia de la C&aacute;mara de Servicios Mineros y ampl&iacute;en los servicios para sus socios.<\/p>\n<p>Desde Casemmza destacan que la industria minera de Mendoza es un factor de enriquecimiento y diversificaci&oacute;n de la matriz econ&oacute;mica provincial y nacional, y hacen hincapi&eacute; que la puesta en marcha de estas oficinas acompa&ntilde;a al espacio de di&aacute;logo que ha propuesto el Gobierno de la provincia para buscar alternativas para &ldquo;dialogar sobre el futuro de la industria minera&rdquo;.<\/p>\n<p>El subsecretario Emilio Gui&ntilde;az&uacute; coment&oacute; que el Gobierno trabaja para impulsar la industria. &ldquo;El proceso que estamos llevando a adelante va a demostrar que la miner&iacute;a es absolutamente compatible con el resto de las actividades econ&oacute;micas de la provincia y m&aacute;s que eso, Mendoza necesita una miner&iacute;a responsable, moderna, consciente de sus potencialidades y de las responsabilidades&rdquo;.<\/p>\n<p>De esta forma, Gui&ntilde;az&uacute; espera que el resultado del espacio de di&aacute;logo sea materializado en un informe que a fines de este a&ntilde;o logre ser presentado al gobernador Alfredo Cornejo y dar el puntapi&eacute; con el desarrollo de la miner&iacute;a en la Provincia.<\/p>\n<p>Por su parte, el presidente de la C&aacute;mara de Servicios Mineros, Carlos Ferrer, destac&oacute; que desde Casemmza buscan que este espacio &ldquo;sea un lugar a disposici&oacute;n de todas las empresas interesadas en la miner&iacute;a donde puedan convenir proveedores de productos y servicios para la energ&iacute;a, la miner&iacute;a y el petr&oacute;leo&rdquo;. Adem&aacute;s, insisti&oacute; en que los empresarios deben acompa&ntilde;ar al Estado &ldquo;porque cuando el Estado est&aacute; haciendo las cosas bien hay que acompa&ntilde;arlo y porque hay que acompa&ntilde;ar las buenas ideas y las buenas iniciativas&rdquo;.<\/p>\n<p>El subsecretario de Industria y Comercio, Guillermo Cruz, se&ntilde;al&oacute; que &ldquo;Casemmza es un elemento clave no s&oacute;lo para la industria minera sino en todos los proyectos industriales, agroindustriales y de energ&iacute;as renovables, y poder desarrollarse como un cl&uacute;ster de empresas de servicio industrial para la apoyatura de todo lo que necesitamos en la provincia para atraer inversiones&rdquo;.<\/p>\n<\/body><\/html>\n","protected":false},"excerpt":{"rendered":"Funcionar\u00e1n como una base operativa y administrativa para que, junto a otras c\u00e1maras profesionales, se trabaje sobre el futuro de la industria minera en Mendoza.","protected":false},"author":3,"featured_media":66567,"comment_status":"open","ping_status":"open","sticky":false,"template":"","format":"standard","meta":[],"categories":[1],"tags":[],"_links":{"self":[{"href":"https:\/\/www.mendoza.gov.ar\/prensa\/wp-json\/wp\/v2\/posts\/66566"}],"collection":[{"href":"https:\/\/www.mendoza.gov.ar\/prensa\/wp-json\/wp\/v2\/posts"}],"about":[{"href":"https:\/\/www.mendoza.gov.ar\/prensa\/wp-json\/wp\/v2\/types\/post"}],"author":[{"embeddable":true,"href":"https:\/\/www.mendoza.gov.ar\/prensa\/wp-json\/wp\/v2\/users\/3"}],"replies":[{"embeddable":true,"href":"https:\/\/www.mendoza.gov.ar\/prensa\/wp-json\/wp\/v2\/comments?post=66566"}],"version-history":[{"count":0,"href":"https:\/\/www.mendoza.gov.ar\/prensa\/wp-json\/wp\/v2\/posts\/66566\/revisions"}],"wp:featuredmedia":[{"embeddable":true,"href":"https:\/\/www.mendoza.gov.ar\/prensa\/wp-json\/wp\/v2\/media\/66567"}],"wp:attachment":[{"href":"https:\/\/www.mendoza.gov.ar\/prensa\/wp-json\/wp\/v2\/media?parent=66566"}],"wp:term":[{"taxonomy":"category","embeddable":true,"href":"https:\/\/www.mendoza.gov.ar\/prensa\/wp-json\/wp\/v2\/categories?post=66566"},{"taxonomy":"post_tag","embeddable":true,"href":"https:\/\/www.mendoza.gov.ar\/prensa\/wp-json\/wp\/v2\/tags?post=66566"}],"curies":[{"name":"wp","href":"https:\/\/api.w.org\/{rel}","templated":true}]}}