{"id":66657,"date":"2016-09-14T12:54:30","date_gmt":"2016-09-14T15:54:30","guid":{"rendered":"http:\/\/prensa.mendoza.gov.ar\/?p=66657"},"modified":"2016-09-14T12:54:30","modified_gmt":"2016-09-14T15:54:30","slug":"nacion-comprometio-un-programa-de-reconversion-varietal-para-2017","status":"publish","type":"post","link":"https:\/\/www.mendoza.gov.ar\/prensa\/nacion-comprometio-un-programa-de-reconversion-varietal-para-2017\/","title":{"rendered":"Naci\u00f3n comprometi\u00f3 un programa de reconversi\u00f3n varietal para 2017"},"content":{"rendered":"<!DOCTYPE html PUBLIC \"-\/\/W3C\/\/DTD HTML 4.0 Transitional\/\/EN\" \"http:\/\/www.w3.org\/TR\/REC-html40\/loose.dtd\">\n<html><body><div>La reconversi&oacute;n de vi&ntilde;edos como herramienta para fomentar el arraigo rural y mejorar la competitividad es uno de los ejes de trabajo entre el Gobierno nacional y provincial que se pondr&aacute; en marcha a partir del pr&oacute;ximo a&ntilde;o a trav&eacute;s de una prueba piloto. Se implementar&aacute; en Mendoza mediante una l&iacute;nea de cr&eacute;dito a tasa cero para productores vit&iacute;colas.<\/div>\n<div><span lang=\"ES-AR\">&nbsp;<\/span><\/div>\n<div><span lang=\"ES-AR\">As&iacute; lo anunciaron los funcionarios nacionales Santiago Hardie y Felipe Crespo, del Ministerio de Agroindustria, que estuvieron en Rivadavia. Junto al subsecretario Alfredo Aciar y al intendente Miguel Ronco entregaron parte de los cheques por $15 millones a productores para la compra de agroqu&iacute;micos para combatir&nbsp;la Lobesia botrana o polilla de la vid.<\/span><\/div>\n<div><span lang=\"ES-AR\">&nbsp;<\/span><\/div>\n<div><span lang=\"ES-AR\">&ldquo;Estamos trabajando junto con la Provincia en la aplicaci&oacute;n de un programa para reconvertir una gran cantidad de hect&aacute;reas. Nuestro foco est&aacute; puesto en generarle un mejor ingreso al peque&ntilde;o productor.&nbsp;Trabajamos a favor del arraigo y del empelo rural, es por eso que apoyamos las econom&iacute;as regionales, y la reconversi&oacute;n varietal es una v&iacute;a&rdquo;, explic&oacute; Felipe Crespo, subsecretario de Desarrollo Territorial.<\/span><\/div>\n<div><span lang=\"ES-AR\">&nbsp;<\/span><\/div>\n<div><span lang=\"ES-AR\">Crespo indic&oacute; adem&aacute;s que el programa &ldquo;no es excluyente de vid, tambi&eacute;n incluye otros productos, como la nuez y la naranja&rdquo;.<\/span><\/div>\n<div><span lang=\"ES-AR\">&nbsp;<\/span><\/div>\n<div><b><span lang=\"ES-AR\">Fondos para combatir la polilla de la vid<\/span><\/b><\/div>\n<div><\/div>\n<div><span lang=\"ES-AR\">Tras una capacitaci&oacute;n sobre el uso de agroqu&iacute;micos dictada por&nbsp;el&nbsp;Senasa y el Iscamen, los productores de Rivadavia recibieron cheques para comenzar a combatir la plaga de Lobesia botrana que desde 2009 est&aacute; instalada en los vi&ntilde;edos de Mendoza.<\/span><\/div>\n<div><span lang=\"ES-AR\">&nbsp;<\/span><\/div>\n<div><span lang=\"ES-AR\">Santiago Hardie, secretario de Coordinaci&oacute;n y Desarrollo Territorial, detall&oacute;: &ldquo;Son fondos que se deb&iacute;an del 2015 por cosecha y acarreo. Pagamos esa deuda y lo que estamos sugiriendo a los productores es que utilicen ese dinero para combatir este flagelo que es la polilla de la vid&rdquo;.<\/span><\/div>\n<div><\/div>\n<div dir=\"ltr\"><span lang=\"ES-AR\">El funcionario record&oacute; adem&aacute;s la deuda de $50 millones, destinada a la compra de feromonas, que ya est&aacute;n coloc&aacute;ndose en los vi&ntilde;edos de la provincia, porque &ldquo;este problema hay que resolverlo s&iacute; o s&iacute;. Este es el comienzo de un combate que se debi&oacute; iniciar hace seis a&ntilde;os&rdquo;.&nbsp;<\/span><\/div>\n<\/body><\/html>\n","protected":false},"excerpt":{"rendered":"Se trata de una prueba piloto que se realizar\u00e1 en Mendoza con cr\u00e9ditos a tasa cero. Se aplicar\u00e1 en el Este y en General Alvear.","protected":false},"author":3,"featured_media":0,"comment_status":"open","ping_status":"open","sticky":false,"template":"","format":"standard","meta":[],"categories":[1],"tags":[],"_links":{"self":[{"href":"https:\/\/www.mendoza.gov.ar\/prensa\/wp-json\/wp\/v2\/posts\/66657"}],"collection":[{"href":"https:\/\/www.mendoza.gov.ar\/prensa\/wp-json\/wp\/v2\/posts"}],"about":[{"href":"https:\/\/www.mendoza.gov.ar\/prensa\/wp-json\/wp\/v2\/types\/post"}],"author":[{"embeddable":true,"href":"https:\/\/www.mendoza.gov.ar\/prensa\/wp-json\/wp\/v2\/users\/3"}],"replies":[{"embeddable":true,"href":"https:\/\/www.mendoza.gov.ar\/prensa\/wp-json\/wp\/v2\/comments?post=66657"}],"version-history":[{"count":0,"href":"https:\/\/www.mendoza.gov.ar\/prensa\/wp-json\/wp\/v2\/posts\/66657\/revisions"}],"wp:attachment":[{"href":"https:\/\/www.mendoza.gov.ar\/prensa\/wp-json\/wp\/v2\/media?parent=66657"}],"wp:term":[{"taxonomy":"category","embeddable":true,"href":"https:\/\/www.mendoza.gov.ar\/prensa\/wp-json\/wp\/v2\/categories?post=66657"},{"taxonomy":"post_tag","embeddable":true,"href":"https:\/\/www.mendoza.gov.ar\/prensa\/wp-json\/wp\/v2\/tags?post=66657"}],"curies":[{"name":"wp","href":"https:\/\/api.w.org\/{rel}","templated":true}]}}