{"id":66713,"date":"2016-09-14T21:05:09","date_gmt":"2016-09-15T00:05:09","guid":{"rendered":"http:\/\/prensa.mendoza.gov.ar\/?p=66713"},"modified":"2016-09-14T21:05:09","modified_gmt":"2016-09-15T00:05:09","slug":"cornejo-buscamos-fortalecer-la-identidad-de-mendoza","status":"publish","type":"post","link":"https:\/\/www.mendoza.gov.ar\/prensa\/cornejo-buscamos-fortalecer-la-identidad-de-mendoza\/","title":{"rendered":"Cornejo: \u201cBuscamos fortalecer la identidad de Mendoza\u201d"},"content":{"rendered":"<!DOCTYPE html PUBLIC \"-\/\/W3C\/\/DTD HTML 4.0 Transitional\/\/EN\" \"http:\/\/www.w3.org\/TR\/REC-html40\/loose.dtd\">\n<html><body><p>Esta tarde, en una nueva jornada de la Feria del Libro 2016, se realiz&oacute; un acto para cambiar los nombres de las salas del Espacio Cultural Julio Le Parc. El Gobernador Alfredo Cornejo encabez&oacute; la actividad, junto al secretario de Cultura, Diego Gareca.<\/p>\n<p>&ldquo;Estamos institucionalizando algo que venimos trabajando desde diciembre. Desde hoy el Espacio Cultural Julio Le Parc cambia los nombres de sus salas, que eran conocidas por sus colores, en homenaje a nuestros artistas, nuestros hacedores culturales&rdquo;, explic&oacute; el titular de la cartera de Cultura.<\/p>\n<p>Desde hoy, las salas del emblem&aacute;tico Espacio Cultural pasan a llevar los nombres de artistas mendocinos. Las salas se llamar&aacute;n Vilma R&uacute;polo, en honor a la bailarina, core&oacute;grafa y directora; Ernesto Su&aacute;rez, en reconocimiento al actor y director mendocino; Tito Francia, en homenaje al polifac&eacute;tico m&uacute;sico y guitarrista; Armando Tejada G&oacute;mez, en honor al escritor; y Chalo Tuli&aacute;n, por el artista pl&aacute;stico.<\/p>\n<p>Alfredo Cornejo destac&oacute; la necesidad de realizar este cambio y los beneficios que tendr&aacute;n los mendocinos: &ldquo;Es nuestra obligaci&oacute;n retomar lo mejor de nuestra identidad, y en materia cultural, nuestra identidad la tenemos representada a trav&eacute;s de nuestras comidas, nuestra m&uacute;sica, nuestras costumbres y nuestros artistas. Creemos que el hecho de que nuestros j&oacute;venes conozcan a nuestros artistas es muy importante, por eso nombrar a estas salas con sus nombres identifica a nuestra provincia, y los ayudamos a que identifiquen a estos hacedores como referentes de Mendoza&rdquo;.<\/p>\n<p>Adem&aacute;s, agreg&oacute; el Gobernador: &ldquo;Con estos nombres queremos refrescar la memoria de los mendocinos. Queremos transmitir nuestros valores, buscamos fortalecer la identidad de Mendoza&rdquo;.<\/p>\n<p>&nbsp;<\/p>\n<p>Luego de los discursos, Cornejo y Gareca realizaron el acto simb&oacute;lico en el que descubrieron los nuevos nombres de las salas y realizaron una recorrida por los locales&nbsp;de la Feria del Libro, que estar&aacute; hasta el 23 de setiembre en el Le Parc.<\/p>\n<\/body><\/html>\n","protected":false},"excerpt":{"rendered":"En el marco de la Feria del Libro 2016, el Gobernador presenci\u00f3 el acto en el que se colocaron nombres de hacedores culturales destacados a las salas del Espacio Cultural Julio Le Parc. Chalo Tuli\u00e1n, Tito Francia, Armando Tejada G\u00f3mez, Vilma R\u00fapolo y Ernesto Su\u00e1rez son los  nuevos nombres de las salas. ","protected":false},"author":3,"featured_media":66717,"comment_status":"open","ping_status":"open","sticky":false,"template":"","format":"standard","meta":[],"categories":[19],"tags":[],"_links":{"self":[{"href":"https:\/\/www.mendoza.gov.ar\/prensa\/wp-json\/wp\/v2\/posts\/66713"}],"collection":[{"href":"https:\/\/www.mendoza.gov.ar\/prensa\/wp-json\/wp\/v2\/posts"}],"about":[{"href":"https:\/\/www.mendoza.gov.ar\/prensa\/wp-json\/wp\/v2\/types\/post"}],"author":[{"embeddable":true,"href":"https:\/\/www.mendoza.gov.ar\/prensa\/wp-json\/wp\/v2\/users\/3"}],"replies":[{"embeddable":true,"href":"https:\/\/www.mendoza.gov.ar\/prensa\/wp-json\/wp\/v2\/comments?post=66713"}],"version-history":[{"count":0,"href":"https:\/\/www.mendoza.gov.ar\/prensa\/wp-json\/wp\/v2\/posts\/66713\/revisions"}],"wp:featuredmedia":[{"embeddable":true,"href":"https:\/\/www.mendoza.gov.ar\/prensa\/wp-json\/wp\/v2\/media\/66717"}],"wp:attachment":[{"href":"https:\/\/www.mendoza.gov.ar\/prensa\/wp-json\/wp\/v2\/media?parent=66713"}],"wp:term":[{"taxonomy":"category","embeddable":true,"href":"https:\/\/www.mendoza.gov.ar\/prensa\/wp-json\/wp\/v2\/categories?post=66713"},{"taxonomy":"post_tag","embeddable":true,"href":"https:\/\/www.mendoza.gov.ar\/prensa\/wp-json\/wp\/v2\/tags?post=66713"}],"curies":[{"name":"wp","href":"https:\/\/api.w.org\/{rel}","templated":true}]}}